{"id":1609,"date":"2011-08-16T19:07:07","date_gmt":"2011-08-16T19:07:07","guid":{"rendered":"https:\/\/kaipara.de\/magazin\/?p=1609"},"modified":"2023-09-14T08:07:39","modified_gmt":"2023-09-14T08:07:39","slug":"die-meilerhuette","status":"publish","type":"post","link":"https:\/\/kaipara.de\/magazin\/wanderungen\/die-meilerhuette\/","title":{"rendered":"Meilerh\u00fctte &#8211; Hoch \u00fcber dem Schachen"},"content":{"rendered":"<p>Die <strong>Meilerh\u00fctte<\/strong> liegt auf 2.374 Metern, hoch \u00fcber dem Schachen, im Wetterstein-Gebirge.<\/p>\n<p>Sie ist eine Alpenvereinsh\u00fctte (DAV\u00a0Garmisch-Partenkirchen) der <a title=\"H\u00fcttenwandern \u2013 Kategorien der Alpenvereinsh\u00fctten\" href=\"https:\/\/kaipara.de\/magazin\/alpen-wiki\/huetten-kategorien\/\">Kategorie I<\/a> und liegt traumhaft zwischen Frauenalplkopf und Partenkirchner Dreitorspitze, direkt an der Grenze zu Tirol, im Wetterstein.<br \/>\nDie Meilerh\u00fctte ist <strong>ab 1. Juli bis Anfang Oktober bewirtschaftet<\/strong> und bietet <strong>mehr als 80 Betten<\/strong>.<br \/>\nDie sanit\u00e4ren Einrichtungen sind bescheiden (nur eine richtige Toilette und Wasch-Wasser aus der Zisterne) aber ausreichend.<br \/>\nDie kulinarische Verpflegung ist der H\u00fctten-Kategorie entsprechend und wirklich lecker. Sehr zu empfehlen ist der Kaiserschmarrn, der wirklich selbst gemacht ist!<br \/>\nAn Wochenenden und in der Urlaubszeit ist die H\u00fctte recht \u00fcberlaufen!<\/p>\n<p>Auf die Meilerh\u00fctte f\u00fchren sch\u00f6ne Touren wie zum Beispiel die <a title=\"Wanderung zur Meilerh\u00fctte\" href=\"https:\/\/kaipara.de\/magazin\/wanderungen\/meilerhuette\/\">2 Tagestour von Garmisch-Partenkirchen<\/a> aus.<\/p>\n<p>Anschrift\/Kontakt:<\/p>\n<p><strong>Meilerh\u00fctte<\/strong><br \/>\nMarisa Sattlegger<br \/>\nMeilerh\u00fctte 1<br \/>\n82467 Garmisch-Partenkirchen<\/p>\n<p>Tel. 0171 &#8211; 522 78 97<\/p>\n<p>Achtung: Reservierungen ab 8. Juni nur noch per Telefon.<br \/>\nEmails werden nicht bearbeitet!<\/p>\n<p><iframe loading=\"lazy\" src=\"https:\/\/www.youtube.com\/embed\/454z_4QitXo?hl=de&amp;fs=1\" width=\"720\" height=\"400\" frameborder=\"0\"><\/iframe><\/p>\n<p><iframe loading=\"lazy\" src=\"https:\/\/maps.google.de\/maps\/ms?msa=0&amp;msid=204797067725675736012.0004aae52c1224867d77a&amp;hl=de&amp;ie=UTF8&amp;t=p&amp;vpsrc=6&amp;ll=47.411826,11.12915&amp;spn=0.162634,0.494385&amp;z=11&amp;output=embed\" width=\"720\" height=\"350\" frameborder=\"0\" marginwidth=\"0\" marginheight=\"0\" scrolling=\"no\"><\/iframe><br \/>\n<small><a style=\"color: #0000ff; text-align: left;\" href=\"https:\/\/maps.google.de\/maps\/ms?msa=0&amp;msid=204797067725675736012.0004aae52c1224867d77a&amp;hl=de&amp;ie=UTF8&amp;t=p&amp;vpsrc=6&amp;ll=47.411826,11.12915&amp;spn=0.162634,0.494385&amp;z=11&amp;source=embed\">Meilerh\u00fctte<\/a> auf einer gr\u00f6\u00dferen Karte anzeigen<\/small><\/p>\n<p>Brauchst Du zuf\u00e4llig neue Wanderschuhe? Dann hilft Dir vielleicht unsere <a href=\"https:\/\/kaipara.de\/magazin\/wanderungen\/wanderschuhe-kaufen-beratung-und-ratgeber\/\">Wanderschuh-Kaufberatung<\/a>!<\/p>\n","protected":false},"excerpt":{"rendered":"<p>Die Meilerh\u00fctte liegt auf 2.374 Metern, hoch \u00fcber dem Schachen, im Wetterstein-Gebirge. Sie ist eine Alpenvereinsh\u00fctte (DAV\u00a0Garmisch-Partenkirchen) der Kategorie I&#8230;<\/p>\n","protected":false},"author":1,"featured_media":7696,"comment_status":"open","ping_status":"open","sticky":false,"template":"","format":"standard","meta":[],"categories":[4],"tags":[],"yoast_head":"<!-- This site is optimized with the Yoast SEO plugin v19.11 - https:\/\/yoast.com\/wordpress\/plugins\/seo\/ -->\n<title>Meilerh\u00fctte - Hoch \u00fcber dem Schachen | Kaipara Magazin<\/title>\n<meta name=\"robots\" content=\"index, follow, max-snippet:-1, max-image-preview:large, max-video-preview:-1\" \/>\n<link rel=\"canonical\" href=\"https:\/\/kaipara.de\/magazin\/huetten-und-almen\/die-meilerhuette\/\" \/>\n<meta property=\"og:locale\" content=\"de_DE\" \/>\n<meta property=\"og:type\" content=\"article\" \/>\n<meta property=\"og:title\" content=\"Meilerh\u00fctte - Hoch \u00fcber dem Schachen | Kaipara Magazin\" \/>\n<meta property=\"og:description\" content=\"Die Meilerh\u00fctte liegt auf 2.374 Metern, hoch \u00fcber dem Schachen, im Wetterstein-Gebirge. Sie ist eine Alpenvereinsh\u00fctte (DAV\u00a0Garmisch-Partenkirchen) der Kategorie I...\" \/>\n<meta property=\"og:url\" content=\"https:\/\/kaipara.de\/magazin\/huetten-und-almen\/die-meilerhuette\/\" \/>\n<meta property=\"og:site_name\" content=\"Kaipara Magazin\" \/>\n<meta property=\"article:publisher\" content=\"https:\/\/www.facebook.com\/kaipara.merino.sportswear\" \/>\n<meta property=\"article:published_time\" content=\"2011-08-16T19:07:07+00:00\" \/>\n<meta property=\"article:modified_time\" content=\"2023-09-14T08:07:39+00:00\" \/>\n<meta property=\"og:image\" content=\"https:\/\/kaipara.de\/magazin\/wp-content\/uploads\/2011\/08\/Meilerhu\u0308tte-Sonnenuntergang.jpg\" \/>\n\t<meta property=\"og:image:width\" content=\"2048\" \/>\n\t<meta property=\"og:image:height\" content=\"1365\" \/>\n\t<meta property=\"og:image:type\" content=\"image\/jpeg\" \/>\n<meta name=\"author\" content=\"Robert Ossiander\" \/>\n<meta name=\"twitter:card\" content=\"summary_large_image\" \/>\n<meta name=\"twitter:label1\" content=\"Verfasst von\" \/>\n\t<meta name=\"twitter:data1\" content=\"\" \/>\n\t<meta name=\"twitter:label2\" content=\"Gesch\u00e4tzte Lesezeit\" \/>\n\t<meta name=\"twitter:data2\" content=\"1 Minute\" \/>\n<script type=\"application\/ld+json\" class=\"yoast-schema-graph\">{\"@context\":\"https:\/\/schema.org\",\"@graph\":[{\"@type\":\"Article\",\"@id\":\"https:\/\/kaipara.de\/magazin\/huetten-und-almen\/die-meilerhuette\/#article\",\"isPartOf\":{\"@id\":\"https:\/\/kaipara.de\/magazin\/huetten-und-almen\/die-meilerhuette\/\"},\"author\":{\"name\":\"Robert Ossiander\",\"@id\":\"https:\/\/kaipara.de\/magazin\/#\/schema\/person\/f0ac025dcfc16834c90401ee6e2b3e95\"},\"headline\":\"Meilerh\u00fctte &#8211; Hoch \u00fcber dem Schachen\",\"datePublished\":\"2011-08-16T19:07:07+00:00\",\"dateModified\":\"2023-09-14T08:07:39+00:00\",\"mainEntityOfPage\":{\"@id\":\"https:\/\/kaipara.de\/magazin\/huetten-und-almen\/die-meilerhuette\/\"},\"wordCount\":171,\"commentCount\":2,\"publisher\":{\"@id\":\"https:\/\/kaipara.de\/magazin\/#organization\"},\"articleSection\":[\"Wanderungen\"],\"inLanguage\":\"de-DE\"},{\"@type\":\"WebPage\",\"@id\":\"https:\/\/kaipara.de\/magazin\/huetten-und-almen\/die-meilerhuette\/\",\"url\":\"https:\/\/kaipara.de\/magazin\/huetten-und-almen\/die-meilerhuette\/\",\"name\":\"Meilerh\u00fctte - Hoch \u00fcber dem Schachen | Kaipara Magazin\",\"isPartOf\":{\"@id\":\"https:\/\/kaipara.de\/magazin\/#website\"},\"datePublished\":\"2011-08-16T19:07:07+00:00\",\"dateModified\":\"2023-09-14T08:07:39+00:00\",\"breadcrumb\":{\"@id\":\"https:\/\/kaipara.de\/magazin\/huetten-und-almen\/die-meilerhuette\/#breadcrumb\"},\"inLanguage\":\"de-DE\",\"potentialAction\":[{\"@type\":\"ReadAction\",\"target\":[\"https:\/\/kaipara.de\/magazin\/huetten-und-almen\/die-meilerhuette\/\"]}]},{\"@type\":\"BreadcrumbList\",\"@id\":\"https:\/\/kaipara.de\/magazin\/huetten-und-almen\/die-meilerhuette\/#breadcrumb\",\"itemListElement\":[{\"@type\":\"ListItem\",\"position\":1,\"name\":\"Startseite\",\"item\":\"https:\/\/kaipara.de\/magazin\/\"},{\"@type\":\"ListItem\",\"position\":2,\"name\":\"Meilerh\u00fctte &#8211; Hoch \u00fcber dem Schachen\"}]},{\"@type\":\"WebSite\",\"@id\":\"https:\/\/kaipara.de\/magazin\/#website\",\"url\":\"https:\/\/kaipara.de\/magazin\/\",\"name\":\"Kaipara Magazin\",\"description\":\"Wissenswertes \u00fcber Merinowolle und Wanderungen in den Alpen \",\"publisher\":{\"@id\":\"https:\/\/kaipara.de\/magazin\/#organization\"},\"potentialAction\":[{\"@type\":\"SearchAction\",\"target\":{\"@type\":\"EntryPoint\",\"urlTemplate\":\"https:\/\/kaipara.de\/magazin\/?s={search_term_string}\"},\"query-input\":\"required name=search_term_string\"}],\"inLanguage\":\"de-DE\"},{\"@type\":\"Organization\",\"@id\":\"https:\/\/kaipara.de\/magazin\/#organization\",\"name\":\"Kaipara\",\"url\":\"https:\/\/kaipara.de\/magazin\/\",\"logo\":{\"@type\":\"ImageObject\",\"inLanguage\":\"de-DE\",\"@id\":\"https:\/\/kaipara.de\/magazin\/#\/schema\/logo\/image\/\",\"url\":\"https:\/\/kaipara.de\/magazin\/wp-content\/uploads\/2022\/06\/logo_kaipara_subline.jpeg\",\"contentUrl\":\"https:\/\/kaipara.de\/magazin\/wp-content\/uploads\/2022\/06\/logo_kaipara_subline.jpeg\",\"width\":298,\"height\":100,\"caption\":\"Kaipara\"},\"image\":{\"@id\":\"https:\/\/kaipara.de\/magazin\/#\/schema\/logo\/image\/\"},\"sameAs\":[\"https:\/\/www.instagram.com\/kaipara_merino\/\",\"https:\/\/www.youtube.com\/channel\/UCZGZ8QTtiOmQTMo7RsNfzCg\",\"https:\/\/www.facebook.com\/kaipara.merino.sportswear\"]},{\"@type\":\"Person\",\"@id\":\"https:\/\/kaipara.de\/magazin\/#\/schema\/person\/f0ac025dcfc16834c90401ee6e2b3e95\",\"name\":\"Robert Ossiander\",\"image\":{\"@type\":\"ImageObject\",\"inLanguage\":\"de-DE\",\"@id\":\"https:\/\/kaipara.de\/magazin\/#\/schema\/person\/image\/\",\"url\":\"https:\/\/kaipara.de\/magazin\/wp-content\/uploads\/2015\/07\/Foto-am-01.07.15-um-15.18-e1435756791563-150x114.jpg\",\"contentUrl\":\"https:\/\/kaipara.de\/magazin\/wp-content\/uploads\/2015\/07\/Foto-am-01.07.15-um-15.18-e1435756791563-150x114.jpg\",\"caption\":\"Robert Ossiander\"},\"description\":\"\\\"Es gibt fast nix sch\u00f6neres, als die Freizeit auf einem Berg zu verbringen und die Welt von oben zu betrachten. Da wird die Welt angehm langsam und die vermeintlich gro\u00dfe Rolle des Menschen wird unwesentlich.\\\" Viel Spa\u00df mit unseren Tourenbeschreibungen und Berichten!\",\"sameAs\":[\"https:\/\/www.berghelden.de\"],\"url\":\"https:\/\/kaipara.de\/magazin\/author\/ossiander\/\"}]}<\/script>\n<!-- \/ Yoast SEO plugin. -->","yoast_head_json":{"title":"Meilerh\u00fctte - Hoch \u00fcber dem Schachen | Kaipara Magazin","robots":{"index":"index","follow":"follow","max-snippet":"max-snippet:-1","max-image-preview":"max-image-preview:large","max-video-preview":"max-video-preview:-1"},"canonical":"https:\/\/kaipara.de\/magazin\/huetten-und-almen\/die-meilerhuette\/","og_locale":"de_DE","og_type":"article","og_title":"Meilerh\u00fctte - Hoch \u00fcber dem Schachen | Kaipara Magazin","og_description":"Die Meilerh\u00fctte liegt auf 2.374 Metern, hoch \u00fcber dem Schachen, im Wetterstein-Gebirge. Sie ist eine Alpenvereinsh\u00fctte (DAV\u00a0Garmisch-Partenkirchen) der Kategorie I...","og_url":"https:\/\/kaipara.de\/magazin\/huetten-und-almen\/die-meilerhuette\/","og_site_name":"Kaipara Magazin","article_publisher":"https:\/\/www.facebook.com\/kaipara.merino.sportswear","article_published_time":"2011-08-16T19:07:07+00:00","article_modified_time":"2023-09-14T08:07:39+00:00","og_image":[{"width":2048,"height":1365,"url":"https:\/\/kaipara.de\/magazin\/wp-content\/uploads\/2011\/08\/Meilerhu\u0308tte-Sonnenuntergang.jpg","type":"image\/jpeg"}],"author":"Robert Ossiander","twitter_card":"summary_large_image","twitter_misc":{"Verfasst von":false,"Gesch\u00e4tzte Lesezeit":"1 Minute"},"schema":{"@context":"https:\/\/schema.org","@graph":[{"@type":"Article","@id":"https:\/\/kaipara.de\/magazin\/huetten-und-almen\/die-meilerhuette\/#article","isPartOf":{"@id":"https:\/\/kaipara.de\/magazin\/huetten-und-almen\/die-meilerhuette\/"},"author":{"name":"Robert Ossiander","@id":"https:\/\/kaipara.de\/magazin\/#\/schema\/person\/f0ac025dcfc16834c90401ee6e2b3e95"},"headline":"Meilerh\u00fctte &#8211; Hoch \u00fcber dem Schachen","datePublished":"2011-08-16T19:07:07+00:00","dateModified":"2023-09-14T08:07:39+00:00","mainEntityOfPage":{"@id":"https:\/\/kaipara.de\/magazin\/huetten-und-almen\/die-meilerhuette\/"},"wordCount":171,"commentCount":2,"publisher":{"@id":"https:\/\/kaipara.de\/magazin\/#organization"},"articleSection":["Wanderungen"],"inLanguage":"de-DE"},{"@type":"WebPage","@id":"https:\/\/kaipara.de\/magazin\/huetten-und-almen\/die-meilerhuette\/","url":"https:\/\/kaipara.de\/magazin\/huetten-und-almen\/die-meilerhuette\/","name":"Meilerh\u00fctte - Hoch \u00fcber dem Schachen | Kaipara Magazin","isPartOf":{"@id":"https:\/\/kaipara.de\/magazin\/#website"},"datePublished":"2011-08-16T19:07:07+00:00","dateModified":"2023-09-14T08:07:39+00:00","breadcrumb":{"@id":"https:\/\/kaipara.de\/magazin\/huetten-und-almen\/die-meilerhuette\/#breadcrumb"},"inLanguage":"de-DE","potentialAction":[{"@type":"ReadAction","target":["https:\/\/kaipara.de\/magazin\/huetten-und-almen\/die-meilerhuette\/"]}]},{"@type":"BreadcrumbList","@id":"https:\/\/kaipara.de\/magazin\/huetten-und-almen\/die-meilerhuette\/#breadcrumb","itemListElement":[{"@type":"ListItem","position":1,"name":"Startseite","item":"https:\/\/kaipara.de\/magazin\/"},{"@type":"ListItem","position":2,"name":"Meilerh\u00fctte &#8211; Hoch \u00fcber dem Schachen"}]},{"@type":"WebSite","@id":"https:\/\/kaipara.de\/magazin\/#website","url":"https:\/\/kaipara.de\/magazin\/","name":"Kaipara Magazin","description":"Wissenswertes \u00fcber Merinowolle und Wanderungen in den Alpen ","publisher":{"@id":"https:\/\/kaipara.de\/magazin\/#organization"},"potentialAction":[{"@type":"SearchAction","target":{"@type":"EntryPoint","urlTemplate":"https:\/\/kaipara.de\/magazin\/?s={search_term_string}"},"query-input":"required name=search_term_string"}],"inLanguage":"de-DE"},{"@type":"Organization","@id":"https:\/\/kaipara.de\/magazin\/#organization","name":"Kaipara","url":"https:\/\/kaipara.de\/magazin\/","logo":{"@type":"ImageObject","inLanguage":"de-DE","@id":"https:\/\/kaipara.de\/magazin\/#\/schema\/logo\/image\/","url":"https:\/\/kaipara.de\/magazin\/wp-content\/uploads\/2022\/06\/logo_kaipara_subline.jpeg","contentUrl":"https:\/\/kaipara.de\/magazin\/wp-content\/uploads\/2022\/06\/logo_kaipara_subline.jpeg","width":298,"height":100,"caption":"Kaipara"},"image":{"@id":"https:\/\/kaipara.de\/magazin\/#\/schema\/logo\/image\/"},"sameAs":["https:\/\/www.instagram.com\/kaipara_merino\/","https:\/\/www.youtube.com\/channel\/UCZGZ8QTtiOmQTMo7RsNfzCg","https:\/\/www.facebook.com\/kaipara.merino.sportswear"]},{"@type":"Person","@id":"https:\/\/kaipara.de\/magazin\/#\/schema\/person\/f0ac025dcfc16834c90401ee6e2b3e95","name":"Robert Ossiander","image":{"@type":"ImageObject","inLanguage":"de-DE","@id":"https:\/\/kaipara.de\/magazin\/#\/schema\/person\/image\/","url":"https:\/\/kaipara.de\/magazin\/wp-content\/uploads\/2015\/07\/Foto-am-01.07.15-um-15.18-e1435756791563-150x114.jpg","contentUrl":"https:\/\/kaipara.de\/magazin\/wp-content\/uploads\/2015\/07\/Foto-am-01.07.15-um-15.18-e1435756791563-150x114.jpg","caption":"Robert Ossiander"},"description":"\"Es gibt fast nix sch\u00f6neres, als die Freizeit auf einem Berg zu verbringen und die Welt von oben zu betrachten. Da wird die Welt angehm langsam und die vermeintlich gro\u00dfe Rolle des Menschen wird unwesentlich.\" Viel Spa\u00df mit unseren Tourenbeschreibungen und Berichten!","sameAs":["https:\/\/www.berghelden.de"],"url":"https:\/\/kaipara.de\/magazin\/author\/ossiander\/"}]}},"publishpress_future_action":{"enabled":false,"date":"1970-01-01 00:00:00","action":"","terms":[],"taxonomy":"","browser_timezone_offset":0},"_links":{"self":[{"href":"https:\/\/kaipara.de\/magazin\/wp-json\/wp\/v2\/posts\/1609"}],"collection":[{"href":"https:\/\/kaipara.de\/magazin\/wp-json\/wp\/v2\/posts"}],"about":[{"href":"https:\/\/kaipara.de\/magazin\/wp-json\/wp\/v2\/types\/post"}],"author":[{"embeddable":true,"href":"https:\/\/kaipara.de\/magazin\/wp-json\/wp\/v2\/users\/1"}],"replies":[{"embeddable":true,"href":"https:\/\/kaipara.de\/magazin\/wp-json\/wp\/v2\/comments?post=1609"}],"version-history":[{"count":3,"href":"https:\/\/kaipara.de\/magazin\/wp-json\/wp\/v2\/posts\/1609\/revisions"}],"predecessor-version":[{"id":9501,"href":"https:\/\/kaipara.de\/magazin\/wp-json\/wp\/v2\/posts\/1609\/revisions\/9501"}],"wp:featuredmedia":[{"embeddable":true,"href":"https:\/\/kaipara.de\/magazin\/wp-json\/wp\/v2\/media\/7696"}],"wp:attachment":[{"href":"https:\/\/kaipara.de\/magazin\/wp-json\/wp\/v2\/media?parent=1609"}],"wp:term":[{"taxonomy":"category","embeddable":true,"href":"https:\/\/kaipara.de\/magazin\/wp-json\/wp\/v2\/categories?post=1609"},{"taxonomy":"post_tag","embeddable":true,"href":"https:\/\/kaipara.de\/magazin\/wp-json\/wp\/v2\/tags?post=1609"}],"curies":[{"name":"wp","href":"https:\/\/api.w.org\/{rel}","templated":true}]}}