{"id":1742,"date":"2011-08-30T18:51:37","date_gmt":"2011-08-30T18:51:37","guid":{"rendered":"https:\/\/kaipara.de\/magazin\/?p=1742"},"modified":"2024-02-23T12:30:29","modified_gmt":"2024-02-23T12:30:29","slug":"benediktenwand","status":"publish","type":"post","link":"https:\/\/kaipara.de\/magazin\/wanderungen\/benediktenwand\/","title":{"rendered":"Benediktenwand (1.801 m) &#8211; Wanderung aus der Jachenau"},"content":{"rendered":"<p><a href=\"https:\/\/kaipara.de\/magazin\/wp-content\/uploads\/2011\/08\/Gipfelkreuz-Benediktenwand.jpg\" data-rel=\"lightbox-image-0\" data-rl_title=\"\" data-rl_caption=\"\"><img loading=\"lazy\" class=\"alignnone wp-image-1770 size-full\" title=\"\" src=\"https:\/\/kaipara.de\/magazin\/wp-content\/uploads\/2011\/08\/Gipfelkreuz-Benediktenwand.jpg\" alt=\"Das Gipfelkreuz der Benediktenwand\" width=\"800\" height=\"533\" srcset=\"https:\/\/kaipara.de\/magazin\/wp-content\/uploads\/2011\/08\/Gipfelkreuz-Benediktenwand.jpg 800w, https:\/\/kaipara.de\/magazin\/wp-content\/uploads\/2011\/08\/Gipfelkreuz-Benediktenwand-150x99.jpg 150w, https:\/\/kaipara.de\/magazin\/wp-content\/uploads\/2011\/08\/Gipfelkreuz-Benediktenwand-300x199.jpg 300w\" sizes=\"(max-width: 800px) 100vw, 800px\" \/><\/a><\/p>\n<p><strong>Rundtour auf die Benediktenwand, einem der bekanntesten Berge in den Bayerischen Voralpen.<\/strong><\/p>\n<p>Seine gro\u00dfe Bekanntheit verdankt die &#8222;<strong>Benewand<\/strong>&#8220; der einzigartigen Gipfelschau auf Grund seiner exponierten Lage. In unmittelbarer Nachbarschaft zur Benediktenwand gibt es keinen Berg der ansatzweise die gleiche H\u00f6he von 1.801 Metern erreicht. Dadurch hat man eine <strong>herrliche Aussicht<\/strong> ins Oberland und in die Alpen.<\/p>\n<p>Unsere hier beschriebene Bergtour auf die Benediktenwand ist eine normale <strong>Wanderung \u00fcber den Westgrat<\/strong>, f\u00fcr die es lediglich auf Grund der Dauer von insgesamt fast 8 Stunden, schon <strong>ausreichend Ausdauer und Kondition ben\u00f6tigt<\/strong>.<br \/>\nF\u00fcr Kletterer und Spezialisten gibt es etliche Aufstiege \u00fcber die steile Nordwand.<br \/>\nEine sch\u00f6ne Route f\u00fcr auch <a title=\"\u00dcber Tutzinger H\u00fctte auf die Benediktenwand\" href=\"https:\/\/hoehenrausch.de\/berge\/benediktenwand\/tutzinger_huette\/index.php\" target=\"_blank\" rel=\"noopener\">\u00fcber die Tutzinger H\u00fctte auf die Benediktenwand<\/a>.<\/p>\n<h2>Der Aufstieg zur Benediktenwand<\/h2>\n<p><a href=\"https:\/\/kaipara.de\/magazin\/wp-content\/uploads\/2011\/08\/Lainl-Alm.jpg\" data-rel=\"lightbox-image-1\" data-rl_title=\"\" data-rl_caption=\"\"><img loading=\"lazy\" class=\"alignnone wp-image-1771 size-full\" title=\"\" src=\"https:\/\/kaipara.de\/magazin\/wp-content\/uploads\/2011\/08\/Lainl-Alm.jpg\" alt=\"Die Lainl Alm\" width=\"800\" height=\"533\" srcset=\"https:\/\/kaipara.de\/magazin\/wp-content\/uploads\/2011\/08\/Lainl-Alm.jpg 800w, https:\/\/kaipara.de\/magazin\/wp-content\/uploads\/2011\/08\/Lainl-Alm-150x99.jpg 150w, https:\/\/kaipara.de\/magazin\/wp-content\/uploads\/2011\/08\/Lainl-Alm-300x199.jpg 300w\" sizes=\"(max-width: 800px) 100vw, 800px\" \/><\/a><\/p>\n<p><strong>Ausgangspunkt<\/strong> f\u00fcr unsere Wanderung auf die Benediktenwand ist <strong>die Ortschaft Jachenau<\/strong> in der gleichnamigen Gemeinde <a href=\"http:\/\/www.jachenau.de\/\">Jachenau<\/a> auf 790 Metern (Anfahrt \u00fcber Bad T\u00f6lz und Lenggries). Das Auto parkt man am besten direkt im Ort <strong>auf dem gro\u00dfen Parkplatz hinter dem Sch\u00fctzenheim<\/strong>.<\/p>\n<p>Am Parkplatz folgt man zun\u00e4chst dem Schild <strong>Richtung Wasserfall<\/strong> \u00fcber einen kleinen Bach hinweg, der aus der Kleinen Laine heraus <strong>ins Lainltal<\/strong> flie\u00dft. Es geht hier zun\u00e4chst schattig im Wald auf einem sch\u00f6nen Wanderweg entlang. Kurz geht es dann auf einen Fahrweg bevor der Weg nochmal bis knapp vor die <strong>Lainlalm<\/strong> durch einen Buchenwald f\u00fchrt.<br \/>\nNach ca. einer Stunde Laufzeit kommt man an der Lainlalm an, wo man den Fahrweg dann verl\u00e4sst und rechts <strong>in das Weidegel\u00e4nde<\/strong> abbiegt. Hier f\u00fchrt der Weg in ca. 20 Minuten am Bachlauf entlang zum <strong>Wasserfall des Glasbachs<\/strong>.<br \/>\nNun erstmal kurz stehen bleiben und die Kamera z\u00fccken!<\/p>\n<p><strong>Rechts neben dem Wasserfall<\/strong> geht es dann erstmal recht steil hinauf bis es wieder in den Wald geht und ein wenig flacher wird.<br \/>\n<a href=\"https:\/\/kaipara.de\/magazin\/wp-content\/uploads\/2011\/08\/Wasserfall-Glasbach-e1314728817399.jpg\" data-rel=\"lightbox-image-2\" data-rl_title=\"\" data-rl_caption=\"\"><img loading=\"lazy\" class=\"aligncenter wp-image-1772 size-full\" title=\"\" src=\"https:\/\/kaipara.de\/magazin\/wp-content\/uploads\/2011\/08\/Wasserfall-Glasbach-e1314728817399.jpg\" alt=\"Der Wasserfall im Glasbach\" width=\"533\" height=\"800\" srcset=\"https:\/\/kaipara.de\/magazin\/wp-content\/uploads\/2011\/08\/Wasserfall-Glasbach-e1314728817399.jpg 492w, https:\/\/kaipara.de\/magazin\/wp-content\/uploads\/2011\/08\/Wasserfall-Glasbach-e1314728817399-99x150.jpg 99w, https:\/\/kaipara.de\/magazin\/wp-content\/uploads\/2011\/08\/Wasserfall-Glasbach-e1314728817399-199x300.jpg 199w, https:\/\/kaipara.de\/magazin\/wp-content\/uploads\/2011\/08\/Wasserfall-Glasbach-e1314728817399-399x600.jpg 399w\" sizes=\"(max-width: 533px) 100vw, 533px\" \/><\/a>Ab der <strong>Peterer-Alm<\/strong> wird es dann wieder steiler. Erholung gibt es ganz kurz auf etwa 1.200 Meter H\u00f6he, wo die Route den Weg vom Rabenkopf her\u00fcberkommend\u00a0 kreuzt.<br \/>\nRechts halten bevor es nach 50 Metern links (Wegweiser folgen) steil in den Wald hinauf <strong>Richtung Kotierungspunkt<\/strong> auf 1.324 Meter hoch geht.<strong><a href=\"https:\/\/kaipara.de\/magazin\/wp-content\/uploads\/2011\/08\/Morgentau-Lainl-Alm.jpg\" data-rel=\"lightbox-image-3\" data-rl_title=\"\" data-rl_caption=\"\"><img loading=\"lazy\" class=\"alignnone wp-image-1778 size-full\" title=\"\" src=\"https:\/\/kaipara.de\/magazin\/wp-content\/uploads\/2011\/08\/Morgentau-Lainl-Alm.jpg\" alt=\"Morgentau in der Wiese hinter der Lainl Alm\" width=\"800\" height=\"533\" srcset=\"https:\/\/kaipara.de\/magazin\/wp-content\/uploads\/2011\/08\/Morgentau-Lainl-Alm.jpg 800w, https:\/\/kaipara.de\/magazin\/wp-content\/uploads\/2011\/08\/Morgentau-Lainl-Alm-150x99.jpg 150w, https:\/\/kaipara.de\/magazin\/wp-content\/uploads\/2011\/08\/Morgentau-Lainl-Alm-300x199.jpg 300w\" sizes=\"(max-width: 800px) 100vw, 800px\" \/><\/a><\/strong><br \/>\nHier hat man nun <strong>nach knapp 3 Stunden den Westr\u00fccken der Benediktenwand erreicht<\/strong>.<br \/>\nJetzt geht es rechts ab,<strong> \u00fcber steilen und felsigen Waldweg<\/strong> Richtung Osten nach oben.<\/p>\n<p>Knapp \u00fcber 1.540 Meter H\u00f6he erreicht man eine kleine Lichtung von der man wunderbar <strong>freie Sicht Richtung S\u00fcdwesten zur Zugspitze<\/strong> hat. Nun ist es nicht mehr weit bis zum Gipfel. Erst geht es noch ein wenig steil hoch bevor es dann durch Latschengeb\u00fcsch sanft hoch zum Gipfel der Benediktenwand geht.<\/p>\n<h2>Die Aussicht auf der Benediktenwand<\/h2>\n<p><a href=\"https:\/\/kaipara.de\/magazin\/wp-content\/uploads\/2011\/08\/Benediktenwand-Blick-Walchensee-und-Zugspitze.jpg\" data-rel=\"lightbox-image-4\" data-rl_title=\"\" data-rl_caption=\"\"><img loading=\"lazy\" class=\"alignnone wp-image-1767 size-full\" title=\"\" src=\"https:\/\/kaipara.de\/magazin\/wp-content\/uploads\/2011\/08\/Benediktenwand-Blick-Walchensee-und-Zugspitze.jpg\" alt=\"Blick zum Walchensee und zur Zugspitze\" width=\"800\" height=\"533\" srcset=\"https:\/\/kaipara.de\/magazin\/wp-content\/uploads\/2011\/08\/Benediktenwand-Blick-Walchensee-und-Zugspitze.jpg 800w, https:\/\/kaipara.de\/magazin\/wp-content\/uploads\/2011\/08\/Benediktenwand-Blick-Walchensee-und-Zugspitze-150x99.jpg 150w, https:\/\/kaipara.de\/magazin\/wp-content\/uploads\/2011\/08\/Benediktenwand-Blick-Walchensee-und-Zugspitze-300x199.jpg 300w\" sizes=\"(max-width: 800px) 100vw, 800px\" \/><\/a>Die Gipfelschau auf der Benediktenwand ist eine der spektakul\u00e4rsten in den Bayerischen Voralpen. Durch den &#8222;unverbauten&#8220; Blick sieht man sehr weit in die Alpen und Richtung Norden bis zur Landeshauptstadt M\u00fcnchen.<\/p>\n<p>Richtung S\u00fcdwesten liegt der <strong>Walchensee<\/strong> mit <strong>Hirschh\u00f6rnlkopf<\/strong> und <a href=\"https:\/\/kaipara.de\/magazin\/wanderungen\/jochberg\/\"><strong>Jochberg<\/strong><\/a> vor einem. Rechts daneben erkennt man den <strong><a title=\"Herzogstand (1.731m) und Heimgarten (1.790 m)\" href=\"https:\/\/kaipara.de\/magazin\/wanderungen\/herzogstand-und-heimgarten\/\">Herzogstand und Heimgarten<\/a><\/strong>. Dahinter trohnt stolz die Zugspitze und der Profi erkennt Links davon die <strong>Alpspitze<\/strong>, den <a href=\"https:\/\/kaipara.de\/magazin\/wanderungen\/schachen-schloss\/\"><strong>Schachen<\/strong><\/a> und beispielsweise den <strong>Tiroler Dreitorkopf<\/strong>.<\/p>\n<p><a href=\"https:\/\/kaipara.de\/magazin\/wp-content\/uploads\/2011\/08\/Benediktenwand-Blick-Richtung-Starnberger-See.jpg\" data-rel=\"lightbox-image-5\" data-rl_title=\"\" data-rl_caption=\"\"><img loading=\"lazy\" class=\"alignnone wp-image-1766 size-full\" title=\"\" src=\"https:\/\/kaipara.de\/magazin\/wp-content\/uploads\/2011\/08\/Benediktenwand-Blick-Richtung-Starnberger-See.jpg\" alt=\"Der Blick von der Benediktenwand Richtung Starnberger See\" width=\"800\" height=\"533\" srcset=\"https:\/\/kaipara.de\/magazin\/wp-content\/uploads\/2011\/08\/Benediktenwand-Blick-Richtung-Starnberger-See.jpg 800w, https:\/\/kaipara.de\/magazin\/wp-content\/uploads\/2011\/08\/Benediktenwand-Blick-Richtung-Starnberger-See-150x99.jpg 150w, https:\/\/kaipara.de\/magazin\/wp-content\/uploads\/2011\/08\/Benediktenwand-Blick-Richtung-Starnberger-See-300x199.jpg 300w\" sizes=\"(max-width: 800px) 100vw, 800px\" \/><\/a><\/p>\n<p>Im S\u00fcdosten sieht man den <strong><a title=\"Guffert \u2013 Auf die Gufferspitze in 2.195 Metern H\u00f6he\" href=\"https:\/\/kaipara.de\/magazin\/wanderungen\/guffert\/\" target=\"_blank\" rel=\"noopener\">Guffert<\/a><\/strong>, das <strong>Rofangebirge<\/strong>, das <strong><a title=\"Bergtour Hinteres Sonnwendjoch\" href=\"https:\/\/kaipara.de\/magazin\/wanderungen\/hinteres-sonnwendjoch\/\">Hintere Sonnwendjoch<\/a><\/strong> und ganz im Osten auf den <strong><a href=\"https:\/\/kaipara.de\/magazin\/wanderungen\/ross-und-buchstein\/\">Ro\u00df- und Buchstein<\/a><\/strong>. Am Horizont dahinter lugen die <strong>Zillertaler Alpen<\/strong>, die <strong>Hohen Tauern<\/strong> und auch das <strong><a title=\"Das Kaisergebirge\" href=\"https:\/\/kaipara.de\/magazin\/kaipara-green-trails\/kaisergebirge-pyramidenspitze\/\">Kaisergebirge<\/a><\/strong> durch.<br \/>\nAn der Nordwand hinab sieht man ca. 50 Meter links vom Gipfelkreuz runter zur <a href=\"http:\/\/www.dav-tutzinger-huette.de\/\"><strong>Tutzinger H\u00fctte<\/strong><\/a>. Man kann den G\u00e4sten fast direkt in den Ma\u00dfkrug schauen.<\/p>\n<p><strong>Video: Aussicht Richtung S\u00fcden<\/strong><\/p>\n<p><iframe loading=\"lazy\" src=\"https:\/\/www.youtube.com\/embed\/BAsA9B2aq1w?hl=de&amp;fs=1\" width=\"720\" height=\"400\" frameborder=\"0\"><\/iframe><\/p>\n<p><strong>Video: Aussicht Richtung Norden<\/strong><br \/>\n<iframe loading=\"lazy\" src=\"https:\/\/www.youtube.com\/embed\/4YRGzyXt_Rs?hl=de&amp;fs=1\" width=\"720\" height=\"400\" frameborder=\"0\"><\/iframe><\/p>\n<h2>Der Abstieg von der Benediktenwand<\/h2>\n<p>Den Abstieg k\u00f6nnte man jetzt theoretisch auch \u00fcber den Aufstiegsweg machen. Wir w\u00fcrden aber vorschlagen \u00fcber die <strong>Bichler-Alm Richtung Petern<\/strong> und dann <strong>durch das Reichenautal<\/strong> zur\u00fcck nach Jachenau zu gehen.<br \/>\nEs geht hier <strong>zuerst relativ steil am S\u00fcdhang der Benediktenwand runter<\/strong> auf 1.443 Meter zur Bichler-Alm. Ein bissl Trittsicherheit und Gleichgewichtssinn braucht es bis hier hin schon.<\/p>\n<p>Von der Bichler Alm kann man nochmal schon zur\u00fcck auf die ganze Pracht der Benediktenwand schauen. Danach geht es, <strong>an der Tanner Alm und der Orterer Alm<\/strong> vorbei. Eine ganze Weile (leider recht stupide) eine Fahrstra\u00dfe hinab auf gut 800 H\u00f6henmeter. An der einzigen gro\u00dfen Wegkreuzung die einem dann begegnet muss man die Entscheidung treffen ob man die paar Meter bis Petern<a href=\"https:\/\/kaipara.de\/magazin\/wp-content\/uploads\/2011\/08\/Glasbach.jpg\" data-rel=\"lightbox-image-6\" data-rl_title=\"\" data-rl_caption=\"\"><img loading=\"lazy\" class=\"alignnone wp-image-1777 size-full\" title=\"\" src=\"https:\/\/kaipara.de\/magazin\/wp-content\/uploads\/2011\/08\/Glasbach.jpg\" alt=\"Der Glasbach bei Jachenau\" width=\"800\" height=\"533\" srcset=\"https:\/\/kaipara.de\/magazin\/wp-content\/uploads\/2011\/08\/Glasbach.jpg 800w, https:\/\/kaipara.de\/magazin\/wp-content\/uploads\/2011\/08\/Glasbach-150x99.jpg 150w, https:\/\/kaipara.de\/magazin\/wp-content\/uploads\/2011\/08\/Glasbach-300x199.jpg 300w\" sizes=\"(max-width: 800px) 100vw, 800px\" \/><\/a> geht und <strong>mit dem Bus nach Jachenau zur\u00fcck<\/strong> f\u00e4hrt, <strong>oder rechts abbiegt und am sch\u00f6nen Bach entlang zu Fu\u00df zur\u00fcck zum Dorf geht<\/strong>. Sonntags f\u00e4llt die Entscheidung leicht, weil da der Bus garnicht f\u00e4hrt.<\/p>\n<p>Wer gut zu Fu\u00df ist und noch ein wenig <strong>sch\u00f6ne Natur sehen<\/strong> mag, der sollte sich die zus\u00e4tzlichen 1,5 Stunden durch das Reichenautal &#8222;antun&#8220;. Der Weg am klaren Bach entlang ist zwar schier endlos, aber landschaftlich (vor allem im letzten Drittel) sehr reizvoll.<br \/>\nKomplett zu Fu\u00df ist man dann <strong>nach ca. 3,5 bis 4 Stunden wieder am Wanderparkplatz<\/strong> in Jachenau und kann dort noch gem\u00fctlich im Sch\u00fctzenheim einkehren.<\/p>\n<h2>Etappen der Wanderung auf die Benediktenwand<\/h2>\n<p><strong>Aufstieg:<\/strong> Parkplatz Sch\u00fctzenheim Jachenau \u2013 Wasserfall Glasbach (1:00 Stunden) \u2013 Kotierungspunkt 1.324 m (2:00 Stunden) \u2013 Gipfel Benediktenwand (1:00 Stunden)<\/p>\n<p><strong>Abstieg: <\/strong>Gipfel Benediktenwand \u2013 Bichler Alm\u00a0 (1:00 Stunden) \u2013 Kreuzung nach Petern\/oder Reichenautal (1:00 Stunde) \u2013 Parkplatz Sch\u00fctzenheim Jachenau (1:30 Stunden)<\/p>\n<div class=\"quick-box\">\n<h3><em><strong>&gt;&gt;Quick-Infos zur Tour&lt;&lt;<\/strong><\/em><\/h3>\n<ul>\n<li><strong>Charakter:<\/strong> Mittelschwere 1-Tages-Wanderung. Ausreichend Trittsicherheit und Kondition erforderlich<\/li>\n<li><strong>Talort:<\/strong> Jachenau. Parkplatz am Sch\u00fctzenheim<\/li>\n<li><strong>H\u00f6henmeter: <\/strong>1.000 m<strong><br \/>\n<\/strong><\/li>\n<li><strong>Dauer \u2013 Aufstieg:<\/strong> 4:00<\/li>\n<li><strong>Dauer \u2013 Abstieg: <\/strong>3:30<\/li>\n<\/ul>\n<\/div>\n<h2>Karte: Wanderung auf die Benediktenwand<\/h2>\n<p><iframe loading=\"lazy\" src=\"https:\/\/www.google.com\/maps\/d\/u\/1\/embed?mid=11O6SQglCgyy9D2HVOnxNvg2puLM\" width=\"100%\" height=\"480\"><\/iframe><\/p>\n","protected":false},"excerpt":{"rendered":"<p>Rundtour auf die Benediktenwand, einem der bekanntesten Berge in den Bayerischen Voralpen. Seine gro\u00dfe Bekanntheit verdankt die &#8222;Benewand&#8220; der einzigartigen&#8230;<\/p>\n","protected":false},"author":1,"featured_media":5784,"comment_status":"open","ping_status":"open","sticky":false,"template":"","format":"standard","meta":[],"categories":[4],"tags":[],"yoast_head":"<!-- This site is optimized with the Yoast SEO plugin v19.11 - https:\/\/yoast.com\/wordpress\/plugins\/seo\/ -->\n<title>Benediktenwand (1.801 m) - Wanderung aus der Jachenau<\/title>\n<meta name=\"description\" content=\"Aus der Jachenau auf die &quot;Benewand&quot;. Mittelschwere Bergtour f\u00fcr einen Tag mit 1.000 H\u00f6henmetern.\" \/>\n<meta name=\"robots\" content=\"index, follow, max-snippet:-1, max-image-preview:large, max-video-preview:-1\" \/>\n<link rel=\"canonical\" href=\"https:\/\/kaipara.de\/magazin\/wanderungen\/benediktenwand\/\" \/>\n<meta property=\"og:locale\" content=\"de_DE\" \/>\n<meta property=\"og:type\" content=\"article\" \/>\n<meta property=\"og:title\" content=\"Benediktenwand (1.801 m) - Wanderung aus der Jachenau\" \/>\n<meta property=\"og:description\" content=\"Aus der Jachenau auf die &quot;Benewand&quot;. Mittelschwere Bergtour f\u00fcr einen Tag mit 1.000 H\u00f6henmetern.\" \/>\n<meta property=\"og:url\" content=\"https:\/\/kaipara.de\/magazin\/wanderungen\/benediktenwand\/\" \/>\n<meta property=\"og:site_name\" content=\"Kaipara Magazin\" \/>\n<meta property=\"article:publisher\" content=\"https:\/\/www.facebook.com\/kaipara.merino.sportswear\" \/>\n<meta property=\"article:published_time\" content=\"2011-08-30T18:51:37+00:00\" \/>\n<meta property=\"article:modified_time\" content=\"2024-02-23T12:30:29+00:00\" \/>\n<meta property=\"og:image\" content=\"https:\/\/kaipara.de\/magazin\/wp-content\/uploads\/2011\/08\/Benediktenwand.jpg\" \/>\n\t<meta property=\"og:image:width\" content=\"800\" \/>\n\t<meta property=\"og:image:height\" content=\"533\" \/>\n\t<meta property=\"og:image:type\" content=\"image\/jpeg\" \/>\n<meta name=\"author\" content=\"Robert Ossiander\" \/>\n<meta name=\"twitter:card\" content=\"summary_large_image\" \/>\n<meta name=\"twitter:label1\" content=\"Verfasst von\" \/>\n\t<meta name=\"twitter:data1\" content=\"\" \/>\n\t<meta name=\"twitter:label2\" content=\"Gesch\u00e4tzte Lesezeit\" \/>\n\t<meta name=\"twitter:data2\" content=\"7 Minuten\" \/>\n<script type=\"application\/ld+json\" class=\"yoast-schema-graph\">{\"@context\":\"https:\/\/schema.org\",\"@graph\":[{\"@type\":\"Article\",\"@id\":\"https:\/\/kaipara.de\/magazin\/wanderungen\/benediktenwand\/#article\",\"isPartOf\":{\"@id\":\"https:\/\/kaipara.de\/magazin\/wanderungen\/benediktenwand\/\"},\"author\":{\"name\":\"Robert Ossiander\",\"@id\":\"https:\/\/kaipara.de\/magazin\/#\/schema\/person\/f0ac025dcfc16834c90401ee6e2b3e95\"},\"headline\":\"Benediktenwand (1.801 m) &#8211; Wanderung aus der Jachenau\",\"datePublished\":\"2011-08-30T18:51:37+00:00\",\"dateModified\":\"2024-02-23T12:30:29+00:00\",\"mainEntityOfPage\":{\"@id\":\"https:\/\/kaipara.de\/magazin\/wanderungen\/benediktenwand\/\"},\"wordCount\":896,\"commentCount\":3,\"publisher\":{\"@id\":\"https:\/\/kaipara.de\/magazin\/#organization\"},\"articleSection\":[\"Wanderungen\"],\"inLanguage\":\"de-DE\"},{\"@type\":\"WebPage\",\"@id\":\"https:\/\/kaipara.de\/magazin\/wanderungen\/benediktenwand\/\",\"url\":\"https:\/\/kaipara.de\/magazin\/wanderungen\/benediktenwand\/\",\"name\":\"Benediktenwand (1.801 m) - Wanderung aus der Jachenau\",\"isPartOf\":{\"@id\":\"https:\/\/kaipara.de\/magazin\/#website\"},\"datePublished\":\"2011-08-30T18:51:37+00:00\",\"dateModified\":\"2024-02-23T12:30:29+00:00\",\"description\":\"Aus der Jachenau auf die \\\"Benewand\\\". Mittelschwere Bergtour f\u00fcr einen Tag mit 1.000 H\u00f6henmetern.\",\"breadcrumb\":{\"@id\":\"https:\/\/kaipara.de\/magazin\/wanderungen\/benediktenwand\/#breadcrumb\"},\"inLanguage\":\"de-DE\",\"potentialAction\":[{\"@type\":\"ReadAction\",\"target\":[\"https:\/\/kaipara.de\/magazin\/wanderungen\/benediktenwand\/\"]}]},{\"@type\":\"BreadcrumbList\",\"@id\":\"https:\/\/kaipara.de\/magazin\/wanderungen\/benediktenwand\/#breadcrumb\",\"itemListElement\":[{\"@type\":\"ListItem\",\"position\":1,\"name\":\"Startseite\",\"item\":\"https:\/\/kaipara.de\/magazin\/\"},{\"@type\":\"ListItem\",\"position\":2,\"name\":\"Benediktenwand (1.801 m) &#8211; Wanderung aus der Jachenau\"}]},{\"@type\":\"WebSite\",\"@id\":\"https:\/\/kaipara.de\/magazin\/#website\",\"url\":\"https:\/\/kaipara.de\/magazin\/\",\"name\":\"Kaipara Magazin\",\"description\":\"Wissenswertes \u00fcber Merinowolle und Wanderungen in den Alpen \",\"publisher\":{\"@id\":\"https:\/\/kaipara.de\/magazin\/#organization\"},\"potentialAction\":[{\"@type\":\"SearchAction\",\"target\":{\"@type\":\"EntryPoint\",\"urlTemplate\":\"https:\/\/kaipara.de\/magazin\/?s={search_term_string}\"},\"query-input\":\"required name=search_term_string\"}],\"inLanguage\":\"de-DE\"},{\"@type\":\"Organization\",\"@id\":\"https:\/\/kaipara.de\/magazin\/#organization\",\"name\":\"Kaipara\",\"url\":\"https:\/\/kaipara.de\/magazin\/\",\"logo\":{\"@type\":\"ImageObject\",\"inLanguage\":\"de-DE\",\"@id\":\"https:\/\/kaipara.de\/magazin\/#\/schema\/logo\/image\/\",\"url\":\"https:\/\/kaipara.de\/magazin\/wp-content\/uploads\/2022\/06\/logo_kaipara_subline.jpeg\",\"contentUrl\":\"https:\/\/kaipara.de\/magazin\/wp-content\/uploads\/2022\/06\/logo_kaipara_subline.jpeg\",\"width\":298,\"height\":100,\"caption\":\"Kaipara\"},\"image\":{\"@id\":\"https:\/\/kaipara.de\/magazin\/#\/schema\/logo\/image\/\"},\"sameAs\":[\"https:\/\/www.instagram.com\/kaipara_merino\/\",\"https:\/\/www.youtube.com\/channel\/UCZGZ8QTtiOmQTMo7RsNfzCg\",\"https:\/\/www.facebook.com\/kaipara.merino.sportswear\"]},{\"@type\":\"Person\",\"@id\":\"https:\/\/kaipara.de\/magazin\/#\/schema\/person\/f0ac025dcfc16834c90401ee6e2b3e95\",\"name\":\"Robert Ossiander\",\"image\":{\"@type\":\"ImageObject\",\"inLanguage\":\"de-DE\",\"@id\":\"https:\/\/kaipara.de\/magazin\/#\/schema\/person\/image\/\",\"url\":\"https:\/\/kaipara.de\/magazin\/wp-content\/uploads\/2015\/07\/Foto-am-01.07.15-um-15.18-e1435756791563-150x114.jpg\",\"contentUrl\":\"https:\/\/kaipara.de\/magazin\/wp-content\/uploads\/2015\/07\/Foto-am-01.07.15-um-15.18-e1435756791563-150x114.jpg\",\"caption\":\"Robert Ossiander\"},\"description\":\"\\\"Es gibt fast nix sch\u00f6neres, als die Freizeit auf einem Berg zu verbringen und die Welt von oben zu betrachten. Da wird die Welt angehm langsam und die vermeintlich gro\u00dfe Rolle des Menschen wird unwesentlich.\\\" Viel Spa\u00df mit unseren Tourenbeschreibungen und Berichten!\",\"sameAs\":[\"https:\/\/www.berghelden.de\"],\"url\":\"https:\/\/kaipara.de\/magazin\/author\/ossiander\/\"}]}<\/script>\n<!-- \/ Yoast SEO plugin. -->","yoast_head_json":{"title":"Benediktenwand (1.801 m) - Wanderung aus der Jachenau","description":"Aus der Jachenau auf die \"Benewand\". Mittelschwere Bergtour f\u00fcr einen Tag mit 1.000 H\u00f6henmetern.","robots":{"index":"index","follow":"follow","max-snippet":"max-snippet:-1","max-image-preview":"max-image-preview:large","max-video-preview":"max-video-preview:-1"},"canonical":"https:\/\/kaipara.de\/magazin\/wanderungen\/benediktenwand\/","og_locale":"de_DE","og_type":"article","og_title":"Benediktenwand (1.801 m) - Wanderung aus der Jachenau","og_description":"Aus der Jachenau auf die \"Benewand\". Mittelschwere Bergtour f\u00fcr einen Tag mit 1.000 H\u00f6henmetern.","og_url":"https:\/\/kaipara.de\/magazin\/wanderungen\/benediktenwand\/","og_site_name":"Kaipara Magazin","article_publisher":"https:\/\/www.facebook.com\/kaipara.merino.sportswear","article_published_time":"2011-08-30T18:51:37+00:00","article_modified_time":"2024-02-23T12:30:29+00:00","og_image":[{"width":800,"height":533,"url":"https:\/\/kaipara.de\/magazin\/wp-content\/uploads\/2011\/08\/Benediktenwand.jpg","type":"image\/jpeg"}],"author":"Robert Ossiander","twitter_card":"summary_large_image","twitter_misc":{"Verfasst von":false,"Gesch\u00e4tzte Lesezeit":"7 Minuten"},"schema":{"@context":"https:\/\/schema.org","@graph":[{"@type":"Article","@id":"https:\/\/kaipara.de\/magazin\/wanderungen\/benediktenwand\/#article","isPartOf":{"@id":"https:\/\/kaipara.de\/magazin\/wanderungen\/benediktenwand\/"},"author":{"name":"Robert Ossiander","@id":"https:\/\/kaipara.de\/magazin\/#\/schema\/person\/f0ac025dcfc16834c90401ee6e2b3e95"},"headline":"Benediktenwand (1.801 m) &#8211; Wanderung aus der Jachenau","datePublished":"2011-08-30T18:51:37+00:00","dateModified":"2024-02-23T12:30:29+00:00","mainEntityOfPage":{"@id":"https:\/\/kaipara.de\/magazin\/wanderungen\/benediktenwand\/"},"wordCount":896,"commentCount":3,"publisher":{"@id":"https:\/\/kaipara.de\/magazin\/#organization"},"articleSection":["Wanderungen"],"inLanguage":"de-DE"},{"@type":"WebPage","@id":"https:\/\/kaipara.de\/magazin\/wanderungen\/benediktenwand\/","url":"https:\/\/kaipara.de\/magazin\/wanderungen\/benediktenwand\/","name":"Benediktenwand (1.801 m) - Wanderung aus der Jachenau","isPartOf":{"@id":"https:\/\/kaipara.de\/magazin\/#website"},"datePublished":"2011-08-30T18:51:37+00:00","dateModified":"2024-02-23T12:30:29+00:00","description":"Aus der Jachenau auf die \"Benewand\". Mittelschwere Bergtour f\u00fcr einen Tag mit 1.000 H\u00f6henmetern.","breadcrumb":{"@id":"https:\/\/kaipara.de\/magazin\/wanderungen\/benediktenwand\/#breadcrumb"},"inLanguage":"de-DE","potentialAction":[{"@type":"ReadAction","target":["https:\/\/kaipara.de\/magazin\/wanderungen\/benediktenwand\/"]}]},{"@type":"BreadcrumbList","@id":"https:\/\/kaipara.de\/magazin\/wanderungen\/benediktenwand\/#breadcrumb","itemListElement":[{"@type":"ListItem","position":1,"name":"Startseite","item":"https:\/\/kaipara.de\/magazin\/"},{"@type":"ListItem","position":2,"name":"Benediktenwand (1.801 m) &#8211; Wanderung aus der Jachenau"}]},{"@type":"WebSite","@id":"https:\/\/kaipara.de\/magazin\/#website","url":"https:\/\/kaipara.de\/magazin\/","name":"Kaipara Magazin","description":"Wissenswertes \u00fcber Merinowolle und Wanderungen in den Alpen ","publisher":{"@id":"https:\/\/kaipara.de\/magazin\/#organization"},"potentialAction":[{"@type":"SearchAction","target":{"@type":"EntryPoint","urlTemplate":"https:\/\/kaipara.de\/magazin\/?s={search_term_string}"},"query-input":"required name=search_term_string"}],"inLanguage":"de-DE"},{"@type":"Organization","@id":"https:\/\/kaipara.de\/magazin\/#organization","name":"Kaipara","url":"https:\/\/kaipara.de\/magazin\/","logo":{"@type":"ImageObject","inLanguage":"de-DE","@id":"https:\/\/kaipara.de\/magazin\/#\/schema\/logo\/image\/","url":"https:\/\/kaipara.de\/magazin\/wp-content\/uploads\/2022\/06\/logo_kaipara_subline.jpeg","contentUrl":"https:\/\/kaipara.de\/magazin\/wp-content\/uploads\/2022\/06\/logo_kaipara_subline.jpeg","width":298,"height":100,"caption":"Kaipara"},"image":{"@id":"https:\/\/kaipara.de\/magazin\/#\/schema\/logo\/image\/"},"sameAs":["https:\/\/www.instagram.com\/kaipara_merino\/","https:\/\/www.youtube.com\/channel\/UCZGZ8QTtiOmQTMo7RsNfzCg","https:\/\/www.facebook.com\/kaipara.merino.sportswear"]},{"@type":"Person","@id":"https:\/\/kaipara.de\/magazin\/#\/schema\/person\/f0ac025dcfc16834c90401ee6e2b3e95","name":"Robert Ossiander","image":{"@type":"ImageObject","inLanguage":"de-DE","@id":"https:\/\/kaipara.de\/magazin\/#\/schema\/person\/image\/","url":"https:\/\/kaipara.de\/magazin\/wp-content\/uploads\/2015\/07\/Foto-am-01.07.15-um-15.18-e1435756791563-150x114.jpg","contentUrl":"https:\/\/kaipara.de\/magazin\/wp-content\/uploads\/2015\/07\/Foto-am-01.07.15-um-15.18-e1435756791563-150x114.jpg","caption":"Robert Ossiander"},"description":"\"Es gibt fast nix sch\u00f6neres, als die Freizeit auf einem Berg zu verbringen und die Welt von oben zu betrachten. Da wird die Welt angehm langsam und die vermeintlich gro\u00dfe Rolle des Menschen wird unwesentlich.\" Viel Spa\u00df mit unseren Tourenbeschreibungen und Berichten!","sameAs":["https:\/\/www.berghelden.de"],"url":"https:\/\/kaipara.de\/magazin\/author\/ossiander\/"}]}},"publishpress_future_action":{"enabled":false,"date":"1970-01-01 00:00:00","action":"","terms":[],"taxonomy":"","browser_timezone_offset":0},"_links":{"self":[{"href":"https:\/\/kaipara.de\/magazin\/wp-json\/wp\/v2\/posts\/1742"}],"collection":[{"href":"https:\/\/kaipara.de\/magazin\/wp-json\/wp\/v2\/posts"}],"about":[{"href":"https:\/\/kaipara.de\/magazin\/wp-json\/wp\/v2\/types\/post"}],"author":[{"embeddable":true,"href":"https:\/\/kaipara.de\/magazin\/wp-json\/wp\/v2\/users\/1"}],"replies":[{"embeddable":true,"href":"https:\/\/kaipara.de\/magazin\/wp-json\/wp\/v2\/comments?post=1742"}],"version-history":[{"count":5,"href":"https:\/\/kaipara.de\/magazin\/wp-json\/wp\/v2\/posts\/1742\/revisions"}],"predecessor-version":[{"id":9571,"href":"https:\/\/kaipara.de\/magazin\/wp-json\/wp\/v2\/posts\/1742\/revisions\/9571"}],"wp:featuredmedia":[{"embeddable":true,"href":"https:\/\/kaipara.de\/magazin\/wp-json\/wp\/v2\/media\/5784"}],"wp:attachment":[{"href":"https:\/\/kaipara.de\/magazin\/wp-json\/wp\/v2\/media?parent=1742"}],"wp:term":[{"taxonomy":"category","embeddable":true,"href":"https:\/\/kaipara.de\/magazin\/wp-json\/wp\/v2\/categories?post=1742"},{"taxonomy":"post_tag","embeddable":true,"href":"https:\/\/kaipara.de\/magazin\/wp-json\/wp\/v2\/tags?post=1742"}],"curies":[{"name":"wp","href":"https:\/\/api.w.org\/{rel}","templated":true}]}}