{"id":8144,"date":"2017-10-06T18:08:18","date_gmt":"2017-10-06T18:08:18","guid":{"rendered":"https:\/\/kaipara.de\/magazin\/?p=8144"},"modified":"2024-02-23T12:26:22","modified_gmt":"2024-02-23T12:26:22","slug":"lamsenjochhuette-und-lamsenjoch","status":"publish","type":"post","link":"https:\/\/kaipara.de\/magazin\/wanderungen\/lamsenjochhuette-und-lamsenjoch\/","title":{"rendered":"Lamsenjochh\u00fctte und Lamsenjoch &#8211; Wanderung aus der Eng"},"content":{"rendered":"<h2>Die Lamsenjochh\u00fctte<\/h2>\n\n\t\t<style type=\"text\/css\">\n\t\t\t#gallery-1 {\n\t\t\t\tmargin: auto;\n\t\t\t}\n\t\t\t#gallery-1 .gallery-item {\n\t\t\t\tfloat: left;\n\t\t\t\tmargin-top: 10px;\n\t\t\t\ttext-align: center;\n\t\t\t\twidth: 33%;\n\t\t\t}\n\t\t\t#gallery-1 img {\n\t\t\t\tborder: 2px solid #cfcfcf;\n\t\t\t}\n\t\t\t#gallery-1 .gallery-caption {\n\t\t\t\tmargin-left: 0;\n\t\t\t}\n\t\t\t\/* see gallery_shortcode() in wp-includes\/media.php *\/\n\t\t<\/style>\n\t\t<div id='gallery-1' class='gallery galleryid-8144 gallery-columns-3 gallery-size-large'><dl class='gallery-item'>\n\t\t\t<dt class='gallery-icon landscape'>\n\t\t\t\t<a href='https:\/\/kaipara.de\/magazin\/wp-content\/uploads\/2017\/10\/Start-zur-Lamsenjochhu\u0308tte_Eng.jpg' title=\"Start Richtung Engalm\" data-rl_title=\"Start Richtung Engalm\" class=\"rl-gallery-link\" data-rl_caption=\"\" data-rel=\"lightbox-gallery-1\"><img width=\"984\" height=\"738\" src=\"https:\/\/kaipara.de\/magazin\/wp-content\/uploads\/2017\/10\/Start-zur-Lamsenjochhu\u0308tte_Eng-984x738.jpg\" class=\"attachment-large size-large\" alt=\"\" loading=\"lazy\" aria-describedby=\"gallery-1-8170\" srcset=\"https:\/\/kaipara.de\/magazin\/wp-content\/uploads\/2017\/10\/Start-zur-Lamsenjochhu\u0308tte_Eng-984x738.jpg 984w, https:\/\/kaipara.de\/magazin\/wp-content\/uploads\/2017\/10\/Start-zur-Lamsenjochhu\u0308tte_Eng-284x213.jpg 284w, https:\/\/kaipara.de\/magazin\/wp-content\/uploads\/2017\/10\/Start-zur-Lamsenjochhu\u0308tte_Eng-768x576.jpg 768w, https:\/\/kaipara.de\/magazin\/wp-content\/uploads\/2017\/10\/Start-zur-Lamsenjochhu\u0308tte_Eng-30x23.jpg 30w, https:\/\/kaipara.de\/magazin\/wp-content\/uploads\/2017\/10\/Start-zur-Lamsenjochhu\u0308tte_Eng-400x300.jpg 400w, https:\/\/kaipara.de\/magazin\/wp-content\/uploads\/2017\/10\/Start-zur-Lamsenjochhu\u0308tte_Eng-800x600.jpg 800w, https:\/\/kaipara.de\/magazin\/wp-content\/uploads\/2017\/10\/Start-zur-Lamsenjochhu\u0308tte_Eng.jpg 2048w\" sizes=\"(max-width: 984px) 100vw, 984px\" \/><\/a>\n\t\t\t<\/dt>\n\t\t\t\t<dd class='wp-caption-text gallery-caption' id='gallery-1-8170'>\n\t\t\t\tStart Richtung Engalm\n\t\t\t\t<\/dd><\/dl><dl class='gallery-item'>\n\t\t\t<dt class='gallery-icon landscape'>\n\t\t\t\t<a href='https:\/\/kaipara.de\/magazin\/wp-content\/uploads\/2017\/10\/Lamsenjochhu\u0308tte_Lamsenspitze.jpg' title=\"Die Lamsenjochh\u00fctte unterhalb der Lamsenspitze im Karwendel.\" data-rl_title=\"Die Lamsenjochh\u00fctte unterhalb der Lamsenspitze im Karwendel.\" class=\"rl-gallery-link\" data-rl_caption=\"\" data-rel=\"lightbox-gallery-1\"><img width=\"984\" height=\"738\" src=\"https:\/\/kaipara.de\/magazin\/wp-content\/uploads\/2017\/10\/Lamsenjochhu\u0308tte_Lamsenspitze-984x738.jpg\" class=\"attachment-large size-large\" alt=\"\" loading=\"lazy\" aria-describedby=\"gallery-1-8165\" srcset=\"https:\/\/kaipara.de\/magazin\/wp-content\/uploads\/2017\/10\/Lamsenjochhu\u0308tte_Lamsenspitze-984x738.jpg 984w, https:\/\/kaipara.de\/magazin\/wp-content\/uploads\/2017\/10\/Lamsenjochhu\u0308tte_Lamsenspitze-284x213.jpg 284w, https:\/\/kaipara.de\/magazin\/wp-content\/uploads\/2017\/10\/Lamsenjochhu\u0308tte_Lamsenspitze-768x576.jpg 768w, https:\/\/kaipara.de\/magazin\/wp-content\/uploads\/2017\/10\/Lamsenjochhu\u0308tte_Lamsenspitze-30x23.jpg 30w, https:\/\/kaipara.de\/magazin\/wp-content\/uploads\/2017\/10\/Lamsenjochhu\u0308tte_Lamsenspitze-400x300.jpg 400w, https:\/\/kaipara.de\/magazin\/wp-content\/uploads\/2017\/10\/Lamsenjochhu\u0308tte_Lamsenspitze-800x600.jpg 800w, https:\/\/kaipara.de\/magazin\/wp-content\/uploads\/2017\/10\/Lamsenjochhu\u0308tte_Lamsenspitze.jpg 2048w\" sizes=\"(max-width: 984px) 100vw, 984px\" \/><\/a>\n\t\t\t<\/dt>\n\t\t\t\t<dd class='wp-caption-text gallery-caption' id='gallery-1-8165'>\n\t\t\t\tDie Lamsenjochh\u00fctte unterhalb der Lamsenspitze im Karwendel.\n\t\t\t\t<\/dd><\/dl>\n\t\t\t<br style='clear: both' \/>\n\t\t<\/div>\n\n<p>Die\u00a0<span class=\"searchword\">Lamsenjochh\u00fctte<\/span>\u00a0(von den Einheimischen auch nur &#8222;Lamsenh\u00fctte&#8220; genannt) war eine der ersten Bergh\u00fctten im\u00a0<strong>Karwendelgebirge\u00a0<\/strong>oberhalb des<a href=\"http:\/\/www.ahornboden.com\/\" target=\"_blank\" rel=\"noopener\"><strong> Naturdenkmals Ahornboden<\/strong><\/a>.<br \/>\nUrspr\u00fcnglich 1906 am Kar unterhalb des <strong>Lamsenjochs<\/strong> erbaut, wurde sie 1908, nach der Zerst\u00f6rung durch eine Lawine, <strong>in spektakul\u00e4rer Lage<\/strong>\u00a0auf 1.980m unterhalb der Felsw\u00e4nde von <strong>Lamsenspitze (2.508m)<\/strong>\u00a0und Hochnissl<strong>, <\/strong>ein wenig weiter \u00f6stlich, im Herzen des Alpenparks Karwendel neu errichtet.<\/p>\n<p>Heute ist sie eine fortschrittlich bewirtschaftete H\u00fctte der <strong><a href=\"https:\/\/kaipara.de\/magazin\/alpen-wiki\/huetten-kategorien\/\">Kategorie I<\/a><\/strong> und geh\u00f6rt zur Sektion Oberland des DAV. F\u00fcr ihre vorbildliche, umweltvertr\u00e4gliche Bewirtschaftung erhielt sie 2004 das\u00a0<strong>Alpenvereins-Umweltg\u00fctesiegel.<br \/>\n<\/strong>Die\u00a0Lamsenjochh\u00fctte ist auch St\u00fctzpunkt der 4-t\u00e4gigen\u00a0<strong><a id=\"toPageId_m1AHW2JvDuoBCJggZQOgeQ-type_intern\" class=\"intern\" href=\"https:\/\/www.davplus.de\/karwendeltour\" target=\"_blank\" rel=\"noopener\">Karwendeltour.<\/a><\/strong><\/p>\n<h2>Der Aufstieg zur H\u00fctte<\/h2>\n<p>Theoretisch gibt es <strong>drei Routen<\/strong> zur H\u00fctte. <strong>Von den Engalmen<\/strong> am Ahornboden aus, <strong>von der Gramaialm<\/strong> oder von \u00f6sterreichischer Seite <strong>durch das Stallental<\/strong>.<br \/>\nDa wir die Wanderung im Herbst gemacht haben, war der Startpunkt an den Engalmen gesetzt, weil wir die goldbraune Pracht der Ahorne am gro\u00dfen Ahornboden genie\u00dfen wollten. Was uns auch gelungen ist. Ende September\/Anfang Oktober ist der perfekte Zeitpunkt!<\/p>\n<p><img loading=\"lazy\" class=\"alignnone size-large wp-image-8172\" src=\"https:\/\/kaipara.de\/magazin\/wp-content\/uploads\/2017\/10\/Binsalm-984x738.jpg\" alt=\"\" width=\"984\" height=\"738\" srcset=\"https:\/\/kaipara.de\/magazin\/wp-content\/uploads\/2017\/10\/Binsalm-984x738.jpg 984w, https:\/\/kaipara.de\/magazin\/wp-content\/uploads\/2017\/10\/Binsalm-284x213.jpg 284w, https:\/\/kaipara.de\/magazin\/wp-content\/uploads\/2017\/10\/Binsalm-768x576.jpg 768w, https:\/\/kaipara.de\/magazin\/wp-content\/uploads\/2017\/10\/Binsalm-30x23.jpg 30w, https:\/\/kaipara.de\/magazin\/wp-content\/uploads\/2017\/10\/Binsalm-400x300.jpg 400w, https:\/\/kaipara.de\/magazin\/wp-content\/uploads\/2017\/10\/Binsalm-800x600.jpg 800w, https:\/\/kaipara.de\/magazin\/wp-content\/uploads\/2017\/10\/Binsalm.jpg 2048w\" sizes=\"(max-width: 984px) 100vw, 984px\" \/><\/p>\n<p><strong>Start ist am Parkplatz vor dem &#8222;Alpengasthof Eng&#8220;<\/strong> ganz am Ende des Engtals. Von dort geht es auf gesperrtem Fahrweg <strong>zur Almsiedlung &#8222;Engalm&#8220;<\/strong>.<br \/>\nAuf H\u00f6he der Rasth\u00fctte Eng-Alm (vor der Gastst\u00e4tte) biegen wir <strong>links ab und folgen den Schildern Richtung Binsalm<\/strong> (Weg Nr. 456) \u00fcber die Almwiesen Richtung S\u00fcdosten zum Binsalm-Niderleger (1.503m) und zum Binsalm-Hochleger (1.645m).\u00a0<strong>Nach ca. 45 Minuten<\/strong> erreichen wir die <strong><a href=\"http:\/\/www.binsalm.at\/\" target=\"_blank\" rel=\"noopener\">Binsalm<\/a><\/strong>, wo eine kleine Verschnaufpause eingelegt werden kann.<\/p>\n<p><img loading=\"lazy\" class=\"alignnone size-large wp-image-8173\" src=\"https:\/\/kaipara.de\/magazin\/wp-content\/uploads\/2017\/10\/Binsalm-von-oben-984x738.jpg\" alt=\"\" width=\"984\" height=\"738\" srcset=\"https:\/\/kaipara.de\/magazin\/wp-content\/uploads\/2017\/10\/Binsalm-von-oben-984x738.jpg 984w, https:\/\/kaipara.de\/magazin\/wp-content\/uploads\/2017\/10\/Binsalm-von-oben-284x213.jpg 284w, https:\/\/kaipara.de\/magazin\/wp-content\/uploads\/2017\/10\/Binsalm-von-oben-768x576.jpg 768w, https:\/\/kaipara.de\/magazin\/wp-content\/uploads\/2017\/10\/Binsalm-von-oben-30x23.jpg 30w, https:\/\/kaipara.de\/magazin\/wp-content\/uploads\/2017\/10\/Binsalm-von-oben-400x300.jpg 400w, https:\/\/kaipara.de\/magazin\/wp-content\/uploads\/2017\/10\/Binsalm-von-oben-800x600.jpg 800w, https:\/\/kaipara.de\/magazin\/wp-content\/uploads\/2017\/10\/Binsalm-von-oben.jpg 2048w\" sizes=\"(max-width: 984px) 100vw, 984px\" \/><\/p>\n<p>Von der Binsalm folgen wir <strong>dem breiten Wirtschaftsweg weiter<\/strong>, bis uns die Wegweiser zur Lamsenjochh\u00fctte (bzw. Lamsenjoch) abseits\u00a0\u00fcber Wiesen und durch Latschen-Haine lotsen.\u00a0<strong>Nach ca. 2:15 Stunden <\/strong>erreichen wir das<strong> westliche Lamsenjoch<\/strong> auf 1.940 H\u00f6henmetern, von wo wir die H\u00fctte bereits sehen k\u00f6nnen \u2013 die allerdings gut getarnt und somit kaum erkennbar vor den Felsen liegt.<br \/>\nVon dort sind es dann aber <strong>nochmal ca. 30 Minuten<\/strong> auf schmalem und steinigem Wandersteig \u2013 bei uns schon mit Schnee bedeckt \u2013 hin\u00fcber zum \u00f6stlichen Lamsenjoch, wo die H\u00fctte steht.<\/p>\n<p><img loading=\"lazy\" class=\"alignnone size-large wp-image-8175\" src=\"https:\/\/kaipara.de\/magazin\/wp-content\/uploads\/2017\/10\/Lamsenjochhu\u0308tte_Lamsenspitze-1-984x738.jpg\" alt=\"\" width=\"984\" height=\"738\" srcset=\"https:\/\/kaipara.de\/magazin\/wp-content\/uploads\/2017\/10\/Lamsenjochhu\u0308tte_Lamsenspitze-1-984x738.jpg 984w, https:\/\/kaipara.de\/magazin\/wp-content\/uploads\/2017\/10\/Lamsenjochhu\u0308tte_Lamsenspitze-1-284x213.jpg 284w, https:\/\/kaipara.de\/magazin\/wp-content\/uploads\/2017\/10\/Lamsenjochhu\u0308tte_Lamsenspitze-1-768x576.jpg 768w, https:\/\/kaipara.de\/magazin\/wp-content\/uploads\/2017\/10\/Lamsenjochhu\u0308tte_Lamsenspitze-1-30x23.jpg 30w, https:\/\/kaipara.de\/magazin\/wp-content\/uploads\/2017\/10\/Lamsenjochhu\u0308tte_Lamsenspitze-1-400x300.jpg 400w, https:\/\/kaipara.de\/magazin\/wp-content\/uploads\/2017\/10\/Lamsenjochhu\u0308tte_Lamsenspitze-1-800x600.jpg 800w, https:\/\/kaipara.de\/magazin\/wp-content\/uploads\/2017\/10\/Lamsenjochhu\u0308tte_Lamsenspitze-1.jpg 2048w\" sizes=\"(max-width: 984px) 100vw, 984px\" \/><\/p>\n<p>Der <strong>Abstieg<\/strong> erfolgt nach einer ausgiebigen Rast mit leckerem Essen und in beeindruckender Kulisse \u00fcber die Aufstiegsroute.<\/p>\n<h2>Alternative Aufstiegsrouten<\/h2>\n<h3>Aus dem Stallental<\/h3>\n<p>Vom Parkplatz an der B\u00e4renrast folgt man dem Weg 227 eben dahin \u00fcber den Stallenboden bis zur Stallenalm auf 1.340m. Weiter geht es nur leicht ansteigend zur Lamsenh\u00fctte.<br \/>\nDie Gehzeit betr\u00e4gt ca. 2,5 Stunden.<\/p>\n<h3>Von der Gramaialm<\/h3>\n<p>Start ist der Alpengasthof Gramaialm im Falzthurntal. Am Gasthof links vorbei, folgt man dem unbefestigten Wirtschaftsweg (Nr. 201) durch den Gramaier Grund in das latschendurchsetzte Kar. Anschlie\u00dfend geht es relativ steil in zahlreichen Serpentinen hoch zum \u00f6stlichen Lamsenjoch und weiter zur H\u00fctte.<br \/>\nDie Gehzeit betr\u00e4gt ca. 2,5 Stunden.<\/p>\n<h2>Der H\u00fcttengipfel &#8211; Lamsenspitze<\/h2>\n<p>Von der H\u00fctte geht es direkt auf die <strong>Lamsenspitze<\/strong> zu, dann bei der Wegverzweigung rechts \u00fcber das steile Kar bis an die steil abfallenden Felsen heran und mit Hilfe einiger Sicherungen <strong>hinauf zur Lamsscharte (2.217m)<\/strong>. \u00dcber Ger\u00f6ll f\u00fchrt der Weg weiter gut markiert auf die Felsen des Gipfelaufbaus zu. Die Steinschlag-gef\u00e4hrdete Turnerrinne wird Drahtseil-gesichert rechts umgangen. \u00dcber gestuften Fels bis an die Gipfelfelsen heran und <strong>durch eine Felsrinne hinauf Richtung Gipfelgrat<\/strong>, dann rechts unterhalb der Grath\u00f6he <strong>\u00fcber Ger\u00f6ll zum Gipfel<\/strong> hinauf.<br \/>\nDer Aufstieg zum Gipfel betr\u00e4gt <strong>ab der H\u00fctte<\/strong> nochmal <strong>ca. 2 Stunden<\/strong>.<\/p>\n<h2>Bildergalerie<\/h2>\n\n\t\t<style type=\"text\/css\">\n\t\t\t#gallery-2 {\n\t\t\t\tmargin: auto;\n\t\t\t}\n\t\t\t#gallery-2 .gallery-item {\n\t\t\t\tfloat: left;\n\t\t\t\tmargin-top: 10px;\n\t\t\t\ttext-align: center;\n\t\t\t\twidth: 33%;\n\t\t\t}\n\t\t\t#gallery-2 img {\n\t\t\t\tborder: 2px solid #cfcfcf;\n\t\t\t}\n\t\t\t#gallery-2 .gallery-caption {\n\t\t\t\tmargin-left: 0;\n\t\t\t}\n\t\t\t\/* see gallery_shortcode() in wp-includes\/media.php *\/\n\t\t<\/style>\n\t\t<div id='gallery-2' class='gallery galleryid-8144 gallery-columns-3 gallery-size-thumbnail'><dl class='gallery-item'>\n\t\t\t<dt class='gallery-icon landscape'>\n\t\t\t\t<a href='https:\/\/kaipara.de\/magazin\/wp-content\/uploads\/2017\/10\/Panorama-Karwendel.jpg' title=\"Panorama Karwendel\" data-rl_title=\"Panorama Karwendel\" class=\"rl-gallery-link\" data-rl_caption=\"\" data-rel=\"lightbox-gallery-2\"><img width=\"150\" height=\"150\" src=\"https:\/\/kaipara.de\/magazin\/wp-content\/uploads\/2017\/10\/Panorama-Karwendel-150x150.jpg\" class=\"attachment-thumbnail size-thumbnail\" alt=\"\" loading=\"lazy\" aria-describedby=\"gallery-2-8185\" srcset=\"https:\/\/kaipara.de\/magazin\/wp-content\/uploads\/2017\/10\/Panorama-Karwendel-150x150.jpg 150w, https:\/\/kaipara.de\/magazin\/wp-content\/uploads\/2017\/10\/Panorama-Karwendel-130x130.jpg 130w\" sizes=\"(max-width: 150px) 100vw, 150px\" \/><\/a>\n\t\t\t<\/dt>\n\t\t\t\t<dd class='wp-caption-text gallery-caption' id='gallery-2-8185'>\n\t\t\t\tPanorama Karwendel\n\t\t\t\t<\/dd><\/dl><dl class='gallery-item'>\n\t\t\t<dt class='gallery-icon landscape'>\n\t\t\t\t<a href='https:\/\/kaipara.de\/magazin\/wp-content\/uploads\/2017\/10\/Panorama-zur-Lamsenjochhu\u0308tte.jpg' title=\"Karwendel-Gebirge\" data-rl_title=\"Karwendel-Gebirge\" class=\"rl-gallery-link\" data-rl_caption=\"\" data-rel=\"lightbox-gallery-2\"><img width=\"150\" height=\"150\" src=\"https:\/\/kaipara.de\/magazin\/wp-content\/uploads\/2017\/10\/Panorama-zur-Lamsenjochhu\u0308tte-150x150.jpg\" class=\"attachment-thumbnail size-thumbnail\" alt=\"\" loading=\"lazy\" aria-describedby=\"gallery-2-8186\" srcset=\"https:\/\/kaipara.de\/magazin\/wp-content\/uploads\/2017\/10\/Panorama-zur-Lamsenjochhu\u0308tte-150x150.jpg 150w, https:\/\/kaipara.de\/magazin\/wp-content\/uploads\/2017\/10\/Panorama-zur-Lamsenjochhu\u0308tte-130x130.jpg 130w\" sizes=\"(max-width: 150px) 100vw, 150px\" \/><\/a>\n\t\t\t<\/dt>\n\t\t\t\t<dd class='wp-caption-text gallery-caption' id='gallery-2-8186'>\n\t\t\t\tKarwendel-Gebirge\n\t\t\t\t<\/dd><\/dl><dl class='gallery-item'>\n\t\t\t<dt class='gallery-icon landscape'>\n\t\t\t\t<a href='https:\/\/kaipara.de\/magazin\/wp-content\/uploads\/2017\/10\/Robert_Lamsenspitze.jpg' title=\"\" data-rl_title=\"\" class=\"rl-gallery-link\" data-rl_caption=\"\" data-rel=\"lightbox-gallery-2\"><img width=\"150\" height=\"150\" src=\"https:\/\/kaipara.de\/magazin\/wp-content\/uploads\/2017\/10\/Robert_Lamsenspitze-150x150.jpg\" class=\"attachment-thumbnail size-thumbnail\" alt=\"\" loading=\"lazy\" srcset=\"https:\/\/kaipara.de\/magazin\/wp-content\/uploads\/2017\/10\/Robert_Lamsenspitze-150x150.jpg 150w, https:\/\/kaipara.de\/magazin\/wp-content\/uploads\/2017\/10\/Robert_Lamsenspitze-130x130.jpg 130w\" sizes=\"(max-width: 150px) 100vw, 150px\" \/><\/a>\n\t\t\t<\/dt><\/dl><br style=\"clear: both\" \/><dl class='gallery-item'>\n\t\t\t<dt class='gallery-icon landscape'>\n\t\t\t\t<a href='https:\/\/kaipara.de\/magazin\/wp-content\/uploads\/2017\/10\/Tu\u0308r_Lamsenjochhu\u0308tte.jpg' title=\"Lamsenjochh\u00fctte\" data-rl_title=\"Lamsenjochh\u00fctte\" class=\"rl-gallery-link\" data-rl_caption=\"\" data-rel=\"lightbox-gallery-2\"><img width=\"150\" height=\"150\" src=\"https:\/\/kaipara.de\/magazin\/wp-content\/uploads\/2017\/10\/Tu\u0308r_Lamsenjochhu\u0308tte-150x150.jpg\" class=\"attachment-thumbnail size-thumbnail\" alt=\"\" loading=\"lazy\" aria-describedby=\"gallery-2-8190\" srcset=\"https:\/\/kaipara.de\/magazin\/wp-content\/uploads\/2017\/10\/Tu\u0308r_Lamsenjochhu\u0308tte-150x150.jpg 150w, https:\/\/kaipara.de\/magazin\/wp-content\/uploads\/2017\/10\/Tu\u0308r_Lamsenjochhu\u0308tte-130x130.jpg 130w\" sizes=\"(max-width: 150px) 100vw, 150px\" \/><\/a>\n\t\t\t<\/dt>\n\t\t\t\t<dd class='wp-caption-text gallery-caption' id='gallery-2-8190'>\n\t\t\t\tLamsenjochh\u00fctte\n\t\t\t\t<\/dd><\/dl><dl class='gallery-item'>\n\t\t\t<dt class='gallery-icon landscape'>\n\t\t\t\t<a href='https:\/\/kaipara.de\/magazin\/wp-content\/uploads\/2017\/10\/Weg-zur-Lamsenjochhu\u0308tte.jpg' title=\"Weg zur Lamsenjochh\u00fctte\" data-rl_title=\"Weg zur Lamsenjochh\u00fctte\" class=\"rl-gallery-link\" data-rl_caption=\"\" data-rel=\"lightbox-gallery-2\"><img width=\"150\" height=\"150\" src=\"https:\/\/kaipara.de\/magazin\/wp-content\/uploads\/2017\/10\/Weg-zur-Lamsenjochhu\u0308tte-150x150.jpg\" class=\"attachment-thumbnail size-thumbnail\" alt=\"\" loading=\"lazy\" aria-describedby=\"gallery-2-8191\" srcset=\"https:\/\/kaipara.de\/magazin\/wp-content\/uploads\/2017\/10\/Weg-zur-Lamsenjochhu\u0308tte-150x150.jpg 150w, https:\/\/kaipara.de\/magazin\/wp-content\/uploads\/2017\/10\/Weg-zur-Lamsenjochhu\u0308tte-130x130.jpg 130w\" sizes=\"(max-width: 150px) 100vw, 150px\" \/><\/a>\n\t\t\t<\/dt>\n\t\t\t\t<dd class='wp-caption-text gallery-caption' id='gallery-2-8191'>\n\t\t\t\tWeg zur Lamsenjochh\u00fctte\n\t\t\t\t<\/dd><\/dl><dl class='gallery-item'>\n\t\t\t<dt class='gallery-icon landscape'>\n\t\t\t\t<a href='https:\/\/kaipara.de\/magazin\/wp-content\/uploads\/2017\/10\/Berghelden-on-tour.jpg' title=\"Berghelden\" data-rl_title=\"Berghelden\" class=\"rl-gallery-link\" data-rl_caption=\"\" data-rel=\"lightbox-gallery-2\"><img width=\"150\" height=\"150\" src=\"https:\/\/kaipara.de\/magazin\/wp-content\/uploads\/2017\/10\/Berghelden-on-tour-150x150.jpg\" class=\"attachment-thumbnail size-thumbnail\" alt=\"\" loading=\"lazy\" aria-describedby=\"gallery-2-8181\" srcset=\"https:\/\/kaipara.de\/magazin\/wp-content\/uploads\/2017\/10\/Berghelden-on-tour-150x150.jpg 150w, https:\/\/kaipara.de\/magazin\/wp-content\/uploads\/2017\/10\/Berghelden-on-tour-130x130.jpg 130w\" sizes=\"(max-width: 150px) 100vw, 150px\" \/><\/a>\n\t\t\t<\/dt>\n\t\t\t\t<dd class='wp-caption-text gallery-caption' id='gallery-2-8181'>\n\t\t\t\tBerghelden\n\t\t\t\t<\/dd><\/dl><br style=\"clear: both\" \/><dl class='gallery-item'>\n\t\t\t<dt class='gallery-icon landscape'>\n\t\t\t\t<a href='https:\/\/kaipara.de\/magazin\/wp-content\/uploads\/2017\/10\/Eng_Engalm-im-Karwendel.jpg' title=\"Panorama in der Eng\" data-rl_title=\"Panorama in der Eng\" class=\"rl-gallery-link\" data-rl_caption=\"\" data-rel=\"lightbox-gallery-2\"><img width=\"150\" height=\"150\" src=\"https:\/\/kaipara.de\/magazin\/wp-content\/uploads\/2017\/10\/Eng_Engalm-im-Karwendel-150x150.jpg\" class=\"attachment-thumbnail size-thumbnail\" alt=\"\" loading=\"lazy\" aria-describedby=\"gallery-2-8167\" srcset=\"https:\/\/kaipara.de\/magazin\/wp-content\/uploads\/2017\/10\/Eng_Engalm-im-Karwendel-150x150.jpg 150w, https:\/\/kaipara.de\/magazin\/wp-content\/uploads\/2017\/10\/Eng_Engalm-im-Karwendel-130x130.jpg 130w\" sizes=\"(max-width: 150px) 100vw, 150px\" \/><\/a>\n\t\t\t<\/dt>\n\t\t\t\t<dd class='wp-caption-text gallery-caption' id='gallery-2-8167'>\n\t\t\t\tPanorama in der Eng\n\t\t\t\t<\/dd><\/dl><dl class='gallery-item'>\n\t\t\t<dt class='gallery-icon landscape'>\n\t\t\t\t<a href='https:\/\/kaipara.de\/magazin\/wp-content\/uploads\/2017\/10\/Start-zur-Lamsenjochhu\u0308tte_Eng.jpg' title=\"Start Richtung Engalm\" data-rl_title=\"Start Richtung Engalm\" class=\"rl-gallery-link\" data-rl_caption=\"\" data-rel=\"lightbox-gallery-2\"><img width=\"150\" height=\"150\" src=\"https:\/\/kaipara.de\/magazin\/wp-content\/uploads\/2017\/10\/Start-zur-Lamsenjochhu\u0308tte_Eng-150x150.jpg\" class=\"attachment-thumbnail size-thumbnail\" alt=\"\" loading=\"lazy\" aria-describedby=\"gallery-2-8170\" srcset=\"https:\/\/kaipara.de\/magazin\/wp-content\/uploads\/2017\/10\/Start-zur-Lamsenjochhu\u0308tte_Eng-150x150.jpg 150w, https:\/\/kaipara.de\/magazin\/wp-content\/uploads\/2017\/10\/Start-zur-Lamsenjochhu\u0308tte_Eng-130x130.jpg 130w\" sizes=\"(max-width: 150px) 100vw, 150px\" \/><\/a>\n\t\t\t<\/dt>\n\t\t\t\t<dd class='wp-caption-text gallery-caption' id='gallery-2-8170'>\n\t\t\t\tStart Richtung Engalm\n\t\t\t\t<\/dd><\/dl>\n\t\t\t<br style='clear: both' \/>\n\t\t<\/div>\n\n<h2>Quick-Infos zur Tour<\/h2>\n<ul>\n<li>Charakter: mittelschwere Bergwanderung (Kinder sollten nicht lauffaul und auf jeden Fall sehr trittsicher sein), feste Schuhe sind Pflicht, St\u00f6cke zu empfehlen<\/li>\n<li>Talort: Eng \/ Engalmen (ca. 1.200 m)<\/li>\n<li>H\u00f6he H\u00fctte: 1.952 m<\/li>\n<li>H\u00f6henmeter: ca. 850 Hm im Aufstieg und auch im Abstieg<\/li>\n<li>Dauer: 5 Std. reine Laufzeit gesamt &#8211; bis zur Lamsenjochh\u00fctte 2:45 h<\/li>\n<li>Laufstrecke: ca. 16 km<\/li>\n<li>Einkehr: Binsalm (nach ca. 45 Minuten) oder auf der Lamsenjochh\u00fctte<\/li>\n<li>Anfahrt: Der Gro\u00dfe Ahornboden und der Alpengasthof Eng sind \u00fcber die Mautstra\u00dfe von Hinterri\u00df aus zu erreichen. Hinterri\u00df erreicht man vom Sylvensteinstausee an der Isar\u00a0\u00fcber die B307 in Richtung Westen und nach links ins Risstal.<\/li>\n<\/ul>\n<h2>Karte zur Wanderung<br \/>\n<iframe loading=\"lazy\" src=\"https:\/\/www.google.com\/maps\/d\/u\/1\/embed?mid=1E8byAhFBPTOrYo7COgL1hgD9SR8\" width=\"100%\" height=\"480\"><\/iframe><\/h2>\n","protected":false},"excerpt":{"rendered":"<p>Die\u00a0Lamsenjochh\u00fctte\u00a0(von den Einheimischen auch nur &#8222;Lamsenh\u00fctte&#8220; genannt) war eine der ersten Bergh\u00fctten im\u00a0Karwendelgebirge\u00a0oberhalb des Naturdenkmals Ahornboden.<br \/>\nUrspr\u00fcnglich 1906 am Kar unterhalb des Lamsenjochs erbaut, wurde sie 1908, nach der Zerst\u00f6rung durch eine Lawine, in spektakul\u00e4rer Lage\u00a0auf 1.980m unterhalb der Felsw\u00e4nde von Lamsenspitze (2.508m)\u00a0und Hochnissl, ein wenig weiter \u00f6stlich, im Herzen des Alpenparks Karwendel neu errichtet.<\/p>\n","protected":false},"author":1,"featured_media":8165,"comment_status":"open","ping_status":"open","sticky":false,"template":"","format":"standard","meta":[],"categories":[4],"tags":[],"yoast_head":"<!-- This site is optimized with the Yoast SEO plugin v19.11 - https:\/\/yoast.com\/wordpress\/plugins\/seo\/ -->\n<title>Lamsenjochh\u00fctte und Lamsenspitze - Wanderung aus der Eng<\/title>\n<meta name=\"description\" content=\"Wanderung auf die Lamsenjochh\u00fctte unter der Lamsenspitze - Aufstieg von der Engalm im Karwendel - 5 Stunden Tages-Wanderung\" \/>\n<meta name=\"robots\" content=\"index, follow, max-snippet:-1, max-image-preview:large, max-video-preview:-1\" \/>\n<link rel=\"canonical\" href=\"https:\/\/kaipara.de\/magazin\/wanderungen\/lamsenjochhuette-und-lamsenjoch\/\" \/>\n<meta property=\"og:locale\" content=\"de_DE\" \/>\n<meta property=\"og:type\" content=\"article\" \/>\n<meta property=\"og:title\" content=\"Lamsenjochh\u00fctte und Lamsenspitze - Wanderung aus der Eng\" \/>\n<meta property=\"og:description\" content=\"Wanderung auf die Lamsenjochh\u00fctte unter der Lamsenspitze - Aufstieg von der Engalm im Karwendel - 5 Stunden Tages-Wanderung\" \/>\n<meta property=\"og:url\" content=\"https:\/\/kaipara.de\/magazin\/wanderungen\/lamsenjochhuette-und-lamsenjoch\/\" \/>\n<meta property=\"og:site_name\" content=\"Kaipara Magazin\" \/>\n<meta property=\"article:publisher\" content=\"https:\/\/www.facebook.com\/kaipara.merino.sportswear\" \/>\n<meta property=\"article:published_time\" content=\"2017-10-06T18:08:18+00:00\" \/>\n<meta property=\"article:modified_time\" content=\"2024-02-23T12:26:22+00:00\" \/>\n<meta property=\"og:image\" content=\"https:\/\/kaipara.de\/magazin\/wp-content\/uploads\/2017\/10\/Lamsenjochhu\u0308tte_Lamsenspitze.jpg\" \/>\n\t<meta property=\"og:image:width\" content=\"2048\" \/>\n\t<meta property=\"og:image:height\" content=\"1536\" \/>\n\t<meta property=\"og:image:type\" content=\"image\/jpeg\" \/>\n<meta name=\"author\" content=\"Robert Ossiander\" \/>\n<meta name=\"twitter:card\" content=\"summary_large_image\" \/>\n<meta name=\"twitter:label1\" content=\"Verfasst von\" \/>\n\t<meta name=\"twitter:data1\" content=\"\" \/>\n\t<meta name=\"twitter:label2\" content=\"Gesch\u00e4tzte Lesezeit\" \/>\n\t<meta name=\"twitter:data2\" content=\"5 Minuten\" \/>\n<script type=\"application\/ld+json\" class=\"yoast-schema-graph\">{\"@context\":\"https:\/\/schema.org\",\"@graph\":[{\"@type\":\"Article\",\"@id\":\"https:\/\/kaipara.de\/magazin\/wanderungen\/lamsenjochhuette-und-lamsenjoch\/#article\",\"isPartOf\":{\"@id\":\"https:\/\/kaipara.de\/magazin\/wanderungen\/lamsenjochhuette-und-lamsenjoch\/\"},\"author\":{\"name\":\"Robert Ossiander\",\"@id\":\"https:\/\/kaipara.de\/magazin\/#\/schema\/person\/f0ac025dcfc16834c90401ee6e2b3e95\"},\"headline\":\"Lamsenjochh\u00fctte und Lamsenjoch &#8211; Wanderung aus der Eng\",\"datePublished\":\"2017-10-06T18:08:18+00:00\",\"dateModified\":\"2024-02-23T12:26:22+00:00\",\"mainEntityOfPage\":{\"@id\":\"https:\/\/kaipara.de\/magazin\/wanderungen\/lamsenjochhuette-und-lamsenjoch\/\"},\"wordCount\":685,\"commentCount\":0,\"publisher\":{\"@id\":\"https:\/\/kaipara.de\/magazin\/#organization\"},\"articleSection\":[\"Wanderungen\"],\"inLanguage\":\"de-DE\"},{\"@type\":\"WebPage\",\"@id\":\"https:\/\/kaipara.de\/magazin\/wanderungen\/lamsenjochhuette-und-lamsenjoch\/\",\"url\":\"https:\/\/kaipara.de\/magazin\/wanderungen\/lamsenjochhuette-und-lamsenjoch\/\",\"name\":\"Lamsenjochh\u00fctte und Lamsenspitze - Wanderung aus der Eng\",\"isPartOf\":{\"@id\":\"https:\/\/kaipara.de\/magazin\/#website\"},\"datePublished\":\"2017-10-06T18:08:18+00:00\",\"dateModified\":\"2024-02-23T12:26:22+00:00\",\"description\":\"Wanderung auf die Lamsenjochh\u00fctte unter der Lamsenspitze - Aufstieg von der Engalm im Karwendel - 5 Stunden Tages-Wanderung\",\"breadcrumb\":{\"@id\":\"https:\/\/kaipara.de\/magazin\/wanderungen\/lamsenjochhuette-und-lamsenjoch\/#breadcrumb\"},\"inLanguage\":\"de-DE\",\"potentialAction\":[{\"@type\":\"ReadAction\",\"target\":[\"https:\/\/kaipara.de\/magazin\/wanderungen\/lamsenjochhuette-und-lamsenjoch\/\"]}]},{\"@type\":\"BreadcrumbList\",\"@id\":\"https:\/\/kaipara.de\/magazin\/wanderungen\/lamsenjochhuette-und-lamsenjoch\/#breadcrumb\",\"itemListElement\":[{\"@type\":\"ListItem\",\"position\":1,\"name\":\"Startseite\",\"item\":\"https:\/\/kaipara.de\/magazin\/\"},{\"@type\":\"ListItem\",\"position\":2,\"name\":\"Lamsenjochh\u00fctte und Lamsenjoch &#8211; Wanderung aus der Eng\"}]},{\"@type\":\"WebSite\",\"@id\":\"https:\/\/kaipara.de\/magazin\/#website\",\"url\":\"https:\/\/kaipara.de\/magazin\/\",\"name\":\"Kaipara Magazin\",\"description\":\"Wissenswertes \u00fcber Merinowolle und Wanderungen in den Alpen \",\"publisher\":{\"@id\":\"https:\/\/kaipara.de\/magazin\/#organization\"},\"potentialAction\":[{\"@type\":\"SearchAction\",\"target\":{\"@type\":\"EntryPoint\",\"urlTemplate\":\"https:\/\/kaipara.de\/magazin\/?s={search_term_string}\"},\"query-input\":\"required name=search_term_string\"}],\"inLanguage\":\"de-DE\"},{\"@type\":\"Organization\",\"@id\":\"https:\/\/kaipara.de\/magazin\/#organization\",\"name\":\"Kaipara\",\"url\":\"https:\/\/kaipara.de\/magazin\/\",\"logo\":{\"@type\":\"ImageObject\",\"inLanguage\":\"de-DE\",\"@id\":\"https:\/\/kaipara.de\/magazin\/#\/schema\/logo\/image\/\",\"url\":\"https:\/\/kaipara.de\/magazin\/wp-content\/uploads\/2022\/06\/logo_kaipara_subline.jpeg\",\"contentUrl\":\"https:\/\/kaipara.de\/magazin\/wp-content\/uploads\/2022\/06\/logo_kaipara_subline.jpeg\",\"width\":298,\"height\":100,\"caption\":\"Kaipara\"},\"image\":{\"@id\":\"https:\/\/kaipara.de\/magazin\/#\/schema\/logo\/image\/\"},\"sameAs\":[\"https:\/\/www.instagram.com\/kaipara_merino\/\",\"https:\/\/www.youtube.com\/channel\/UCZGZ8QTtiOmQTMo7RsNfzCg\",\"https:\/\/www.facebook.com\/kaipara.merino.sportswear\"]},{\"@type\":\"Person\",\"@id\":\"https:\/\/kaipara.de\/magazin\/#\/schema\/person\/f0ac025dcfc16834c90401ee6e2b3e95\",\"name\":\"Robert Ossiander\",\"image\":{\"@type\":\"ImageObject\",\"inLanguage\":\"de-DE\",\"@id\":\"https:\/\/kaipara.de\/magazin\/#\/schema\/person\/image\/\",\"url\":\"https:\/\/kaipara.de\/magazin\/wp-content\/uploads\/2015\/07\/Foto-am-01.07.15-um-15.18-e1435756791563-150x114.jpg\",\"contentUrl\":\"https:\/\/kaipara.de\/magazin\/wp-content\/uploads\/2015\/07\/Foto-am-01.07.15-um-15.18-e1435756791563-150x114.jpg\",\"caption\":\"Robert Ossiander\"},\"description\":\"\\\"Es gibt fast nix sch\u00f6neres, als die Freizeit auf einem Berg zu verbringen und die Welt von oben zu betrachten. Da wird die Welt angehm langsam und die vermeintlich gro\u00dfe Rolle des Menschen wird unwesentlich.\\\" Viel Spa\u00df mit unseren Tourenbeschreibungen und Berichten!\",\"sameAs\":[\"https:\/\/www.berghelden.de\"],\"url\":\"https:\/\/kaipara.de\/magazin\/author\/ossiander\/\"}]}<\/script>\n<!-- \/ Yoast SEO plugin. -->","yoast_head_json":{"title":"Lamsenjochh\u00fctte und Lamsenspitze - Wanderung aus der Eng","description":"Wanderung auf die Lamsenjochh\u00fctte unter der Lamsenspitze - Aufstieg von der Engalm im Karwendel - 5 Stunden Tages-Wanderung","robots":{"index":"index","follow":"follow","max-snippet":"max-snippet:-1","max-image-preview":"max-image-preview:large","max-video-preview":"max-video-preview:-1"},"canonical":"https:\/\/kaipara.de\/magazin\/wanderungen\/lamsenjochhuette-und-lamsenjoch\/","og_locale":"de_DE","og_type":"article","og_title":"Lamsenjochh\u00fctte und Lamsenspitze - Wanderung aus der Eng","og_description":"Wanderung auf die Lamsenjochh\u00fctte unter der Lamsenspitze - Aufstieg von der Engalm im Karwendel - 5 Stunden Tages-Wanderung","og_url":"https:\/\/kaipara.de\/magazin\/wanderungen\/lamsenjochhuette-und-lamsenjoch\/","og_site_name":"Kaipara Magazin","article_publisher":"https:\/\/www.facebook.com\/kaipara.merino.sportswear","article_published_time":"2017-10-06T18:08:18+00:00","article_modified_time":"2024-02-23T12:26:22+00:00","og_image":[{"width":2048,"height":1536,"url":"https:\/\/kaipara.de\/magazin\/wp-content\/uploads\/2017\/10\/Lamsenjochhu\u0308tte_Lamsenspitze.jpg","type":"image\/jpeg"}],"author":"Robert Ossiander","twitter_card":"summary_large_image","twitter_misc":{"Verfasst von":false,"Gesch\u00e4tzte Lesezeit":"5 Minuten"},"schema":{"@context":"https:\/\/schema.org","@graph":[{"@type":"Article","@id":"https:\/\/kaipara.de\/magazin\/wanderungen\/lamsenjochhuette-und-lamsenjoch\/#article","isPartOf":{"@id":"https:\/\/kaipara.de\/magazin\/wanderungen\/lamsenjochhuette-und-lamsenjoch\/"},"author":{"name":"Robert Ossiander","@id":"https:\/\/kaipara.de\/magazin\/#\/schema\/person\/f0ac025dcfc16834c90401ee6e2b3e95"},"headline":"Lamsenjochh\u00fctte und Lamsenjoch &#8211; Wanderung aus der Eng","datePublished":"2017-10-06T18:08:18+00:00","dateModified":"2024-02-23T12:26:22+00:00","mainEntityOfPage":{"@id":"https:\/\/kaipara.de\/magazin\/wanderungen\/lamsenjochhuette-und-lamsenjoch\/"},"wordCount":685,"commentCount":0,"publisher":{"@id":"https:\/\/kaipara.de\/magazin\/#organization"},"articleSection":["Wanderungen"],"inLanguage":"de-DE"},{"@type":"WebPage","@id":"https:\/\/kaipara.de\/magazin\/wanderungen\/lamsenjochhuette-und-lamsenjoch\/","url":"https:\/\/kaipara.de\/magazin\/wanderungen\/lamsenjochhuette-und-lamsenjoch\/","name":"Lamsenjochh\u00fctte und Lamsenspitze - Wanderung aus der Eng","isPartOf":{"@id":"https:\/\/kaipara.de\/magazin\/#website"},"datePublished":"2017-10-06T18:08:18+00:00","dateModified":"2024-02-23T12:26:22+00:00","description":"Wanderung auf die Lamsenjochh\u00fctte unter der Lamsenspitze - Aufstieg von der Engalm im Karwendel - 5 Stunden Tages-Wanderung","breadcrumb":{"@id":"https:\/\/kaipara.de\/magazin\/wanderungen\/lamsenjochhuette-und-lamsenjoch\/#breadcrumb"},"inLanguage":"de-DE","potentialAction":[{"@type":"ReadAction","target":["https:\/\/kaipara.de\/magazin\/wanderungen\/lamsenjochhuette-und-lamsenjoch\/"]}]},{"@type":"BreadcrumbList","@id":"https:\/\/kaipara.de\/magazin\/wanderungen\/lamsenjochhuette-und-lamsenjoch\/#breadcrumb","itemListElement":[{"@type":"ListItem","position":1,"name":"Startseite","item":"https:\/\/kaipara.de\/magazin\/"},{"@type":"ListItem","position":2,"name":"Lamsenjochh\u00fctte und Lamsenjoch &#8211; Wanderung aus der Eng"}]},{"@type":"WebSite","@id":"https:\/\/kaipara.de\/magazin\/#website","url":"https:\/\/kaipara.de\/magazin\/","name":"Kaipara Magazin","description":"Wissenswertes \u00fcber Merinowolle und Wanderungen in den Alpen ","publisher":{"@id":"https:\/\/kaipara.de\/magazin\/#organization"},"potentialAction":[{"@type":"SearchAction","target":{"@type":"EntryPoint","urlTemplate":"https:\/\/kaipara.de\/magazin\/?s={search_term_string}"},"query-input":"required name=search_term_string"}],"inLanguage":"de-DE"},{"@type":"Organization","@id":"https:\/\/kaipara.de\/magazin\/#organization","name":"Kaipara","url":"https:\/\/kaipara.de\/magazin\/","logo":{"@type":"ImageObject","inLanguage":"de-DE","@id":"https:\/\/kaipara.de\/magazin\/#\/schema\/logo\/image\/","url":"https:\/\/kaipara.de\/magazin\/wp-content\/uploads\/2022\/06\/logo_kaipara_subline.jpeg","contentUrl":"https:\/\/kaipara.de\/magazin\/wp-content\/uploads\/2022\/06\/logo_kaipara_subline.jpeg","width":298,"height":100,"caption":"Kaipara"},"image":{"@id":"https:\/\/kaipara.de\/magazin\/#\/schema\/logo\/image\/"},"sameAs":["https:\/\/www.instagram.com\/kaipara_merino\/","https:\/\/www.youtube.com\/channel\/UCZGZ8QTtiOmQTMo7RsNfzCg","https:\/\/www.facebook.com\/kaipara.merino.sportswear"]},{"@type":"Person","@id":"https:\/\/kaipara.de\/magazin\/#\/schema\/person\/f0ac025dcfc16834c90401ee6e2b3e95","name":"Robert Ossiander","image":{"@type":"ImageObject","inLanguage":"de-DE","@id":"https:\/\/kaipara.de\/magazin\/#\/schema\/person\/image\/","url":"https:\/\/kaipara.de\/magazin\/wp-content\/uploads\/2015\/07\/Foto-am-01.07.15-um-15.18-e1435756791563-150x114.jpg","contentUrl":"https:\/\/kaipara.de\/magazin\/wp-content\/uploads\/2015\/07\/Foto-am-01.07.15-um-15.18-e1435756791563-150x114.jpg","caption":"Robert Ossiander"},"description":"\"Es gibt fast nix sch\u00f6neres, als die Freizeit auf einem Berg zu verbringen und die Welt von oben zu betrachten. Da wird die Welt angehm langsam und die vermeintlich gro\u00dfe Rolle des Menschen wird unwesentlich.\" Viel Spa\u00df mit unseren Tourenbeschreibungen und Berichten!","sameAs":["https:\/\/www.berghelden.de"],"url":"https:\/\/kaipara.de\/magazin\/author\/ossiander\/"}]}},"publishpress_future_action":{"enabled":false,"date":"1970-01-01 00:00:00","action":"","terms":[],"taxonomy":"","browser_timezone_offset":0},"_links":{"self":[{"href":"https:\/\/kaipara.de\/magazin\/wp-json\/wp\/v2\/posts\/8144"}],"collection":[{"href":"https:\/\/kaipara.de\/magazin\/wp-json\/wp\/v2\/posts"}],"about":[{"href":"https:\/\/kaipara.de\/magazin\/wp-json\/wp\/v2\/types\/post"}],"author":[{"embeddable":true,"href":"https:\/\/kaipara.de\/magazin\/wp-json\/wp\/v2\/users\/1"}],"replies":[{"embeddable":true,"href":"https:\/\/kaipara.de\/magazin\/wp-json\/wp\/v2\/comments?post=8144"}],"version-history":[{"count":3,"href":"https:\/\/kaipara.de\/magazin\/wp-json\/wp\/v2\/posts\/8144\/revisions"}],"predecessor-version":[{"id":9582,"href":"https:\/\/kaipara.de\/magazin\/wp-json\/wp\/v2\/posts\/8144\/revisions\/9582"}],"wp:featuredmedia":[{"embeddable":true,"href":"https:\/\/kaipara.de\/magazin\/wp-json\/wp\/v2\/media\/8165"}],"wp:attachment":[{"href":"https:\/\/kaipara.de\/magazin\/wp-json\/wp\/v2\/media?parent=8144"}],"wp:term":[{"taxonomy":"category","embeddable":true,"href":"https:\/\/kaipara.de\/magazin\/wp-json\/wp\/v2\/categories?post=8144"},{"taxonomy":"post_tag","embeddable":true,"href":"https:\/\/kaipara.de\/magazin\/wp-json\/wp\/v2\/tags?post=8144"}],"curies":[{"name":"wp","href":"https:\/\/api.w.org\/{rel}","templated":true}]}}