{"id":8520,"date":"2019-09-11T14:46:50","date_gmt":"2019-09-11T14:46:50","guid":{"rendered":"https:\/\/kaipara.de\/magazin\/?p=8520"},"modified":"2024-06-18T11:26:36","modified_gmt":"2024-06-18T11:26:36","slug":"wendelstein-maennlein-weg-familienwanderung-bayrischzell","status":"publish","type":"post","link":"https:\/\/kaipara.de\/magazin\/wanderungen\/wendelstein-maennlein-weg-familienwanderung-bayrischzell\/","title":{"rendered":"Wendelstein-M\u00e4nnlein-Weg: Familienwanderung in Bayrischzell"},"content":{"rendered":"\r\n<p>Vor Kurzem waren wir mal wieder auf der Suche nach einer kleinen <strong>Familienwanderung in der N\u00e4he vom Schliersee<\/strong>. Sie sollte f\u00fcr den Gro\u00dfen (7 Jahre alt) problemlos zu bew\u00e4ltigen sein und der Kleinen <strong>in der Kraxe<\/strong> genug zum Schauen bieten. <br \/>Und nat\u00fcrlich muss als Highlight f\u00fcr Klein und Gro\u00df ein leckeres Mittagessen winken \u2013 das <a href=\"https:\/\/www.siglhof.com\/\">Bergcaf\u00e9 Siglhof<\/a> ist hierf\u00fcr das perfekte Ziel. Also entscheiden wir uns f\u00fcr den Wendelstein-M\u00e4nnlein-Weg in Bayrischzell \u2013 ein Rundwanderweg f\u00fcr die ganze Familie um Fu\u00dfe des <a href=\"https:\/\/kaipara.de\/magazin\/wanderungen\/wendelstein\/\">Wendelsteins<\/a>.\u00a0<br \/>Leider ist diese Tour <strong>nicht Kinderwagen-tauglich<\/strong>!<\/p>\r\n\r\n\r\n\r\n<p>Vom M\u00fcnchner S\u00fcden aus fahren wir Richtung Schliersee, an diesem vorbei nach Bayrischzell. Dort parken wir gegen\u00fcber des Hotels Alpenrose, direkt an der Grundschule. Eine weitere Parkm\u00f6glichkeit w\u00e4re am Bahnhof in <a href=\"https:\/\/www.bayrischzell.de\/\">Bayrischzell<\/a>.<\/p>\r\n\r\n\r\n\r\n<figure class=\"wp-block-image\"><img loading=\"lazy\" width=\"780\" height=\"738\" class=\"wp-image-8577\" src=\"https:\/\/kaipara.de\/magazin\/wp-content\/uploads\/2019\/09\/IMG_0003-e1568403910905-780x738.jpeg\" alt=\"Wendelstein M\u00e4nnlein Weg - Beginn\" srcset=\"https:\/\/kaipara.de\/magazin\/wp-content\/uploads\/2019\/09\/IMG_0003-e1568403910905-780x738.jpeg 780w, https:\/\/kaipara.de\/magazin\/wp-content\/uploads\/2019\/09\/IMG_0003-e1568403910905-225x213.jpeg 225w, https:\/\/kaipara.de\/magazin\/wp-content\/uploads\/2019\/09\/IMG_0003-e1568403910905-768x727.jpeg 768w, https:\/\/kaipara.de\/magazin\/wp-content\/uploads\/2019\/09\/IMG_0003-e1568403910905-400x379.jpeg 400w, https:\/\/kaipara.de\/magazin\/wp-content\/uploads\/2019\/09\/IMG_0003-e1568403910905-634x600.jpeg 634w, https:\/\/kaipara.de\/magazin\/wp-content\/uploads\/2019\/09\/IMG_0003-e1568403910905.jpeg 1530w\" sizes=\"(max-width: 780px) 100vw, 780px\" \/>\r\n<figcaption>Wendelstein M\u00e4nnlein Weg &#8211; Start im Kurpark Bayrischzell<\/figcaption>\r\n<\/figure>\r\n\r\n\r\n\r\n<h2>Den M\u00e4nnlein folgend durch den Wald bis zum Parapluie<\/h2>\r\n\r\n\r\n\r\n<p>Im Kurpark von Bayrischzell startet der Weg an der gro\u00dfen Wendelstein-M\u00e4nnlein-Figur aus Holz. Am Bach entlang laufen wir weiter <strong>Richtung Kneipp-Steg<\/strong>.<\/p>\r\n\r\n\r\n\r\n<ul class=\"wp-block-gallery columns-2 is-cropped\">\r\n<li class=\"blocks-gallery-item\">\r\n<figure><img loading=\"lazy\" width=\"984\" height=\"738\" class=\"wp-image-8581\" src=\"https:\/\/kaipara.de\/magazin\/wp-content\/uploads\/2019\/09\/IMG_0019-984x738.jpeg\" alt=\"Wendelstein M\u00e4nnlein Weg - Kneippbecken\" data-id=\"8581\" data-link=\"https:\/\/kaipara.de\/magazin\/img_0019\/\" srcset=\"https:\/\/kaipara.de\/magazin\/wp-content\/uploads\/2019\/09\/IMG_0019-984x738.jpeg 984w, https:\/\/kaipara.de\/magazin\/wp-content\/uploads\/2019\/09\/IMG_0019-284x213.jpeg 284w, https:\/\/kaipara.de\/magazin\/wp-content\/uploads\/2019\/09\/IMG_0019-768x576.jpeg 768w, https:\/\/kaipara.de\/magazin\/wp-content\/uploads\/2019\/09\/IMG_0019-400x300.jpeg 400w, https:\/\/kaipara.de\/magazin\/wp-content\/uploads\/2019\/09\/IMG_0019-800x600.jpeg 800w, https:\/\/kaipara.de\/magazin\/wp-content\/uploads\/2019\/09\/IMG_0019.jpeg 2048w\" sizes=\"(max-width: 984px) 100vw, 984px\" \/>\r\n<figcaption>Kneippbecken<\/figcaption>\r\n<\/figure>\r\n<\/li>\r\n<li class=\"blocks-gallery-item\">\r\n<figure><img loading=\"lazy\" width=\"984\" height=\"738\" class=\"wp-image-8523\" src=\"https:\/\/kaipara.de\/magazin\/wp-content\/uploads\/2019\/09\/IMG_0005-984x738.jpg\" alt=\"Wendelstein M\u00e4nnlein Weg - Barfu\u00dfpfad\" data-id=\"8523\" data-link=\"https:\/\/kaipara.de\/magazin\/wanderungen\/wendelstein-maennlein-weg-familienwanderung-bayrischzell\/attachment\/img_0005\/\" srcset=\"https:\/\/kaipara.de\/magazin\/wp-content\/uploads\/2019\/09\/IMG_0005-984x738.jpg 984w, https:\/\/kaipara.de\/magazin\/wp-content\/uploads\/2019\/09\/IMG_0005-284x213.jpg 284w, https:\/\/kaipara.de\/magazin\/wp-content\/uploads\/2019\/09\/IMG_0005-768x576.jpg 768w, https:\/\/kaipara.de\/magazin\/wp-content\/uploads\/2019\/09\/IMG_0005-400x300.jpg 400w, https:\/\/kaipara.de\/magazin\/wp-content\/uploads\/2019\/09\/IMG_0005-800x600.jpg 800w, https:\/\/kaipara.de\/magazin\/wp-content\/uploads\/2019\/09\/IMG_0005.jpg 2048w\" sizes=\"(max-width: 984px) 100vw, 984px\" \/>\r\n<figcaption>Barfu\u00dfpfad<\/figcaption>\r\n<\/figure>\r\n<\/li>\r\n<\/ul>\r\n\r\n\r\n\r\n<p>Hier wird dann auch gleich der erste kurze Stopp eingelegt, denn Barfu\u00df-Becken und -pfad m\u00fcssen nat\u00fcrlich getestet werden. Generell sollte Eltern bei dieser Wanderung klar sein: <strong>Kinder k\u00f6nnen auf dem Weg so einiges Erfahren, Erkunden, Besteigen usw<\/strong>. \u2013 also definitiv Zeit mitbringen. \ud83d\ude09<\/p>\r\n\r\n\r\n\r\n<figure class=\"wp-block-image\"><img loading=\"lazy\" width=\"2048\" height=\"1536\" class=\"wp-image-8579\" src=\"https:\/\/kaipara.de\/magazin\/wp-content\/uploads\/2019\/09\/IMG_0011.jpeg\" alt=\"Wendelstein M\u00e4nnlein Weg - Wegweiser entlang der Route\" srcset=\"https:\/\/kaipara.de\/magazin\/wp-content\/uploads\/2019\/09\/IMG_0011.jpeg 2048w, https:\/\/kaipara.de\/magazin\/wp-content\/uploads\/2019\/09\/IMG_0011-284x213.jpeg 284w, https:\/\/kaipara.de\/magazin\/wp-content\/uploads\/2019\/09\/IMG_0011-768x576.jpeg 768w, https:\/\/kaipara.de\/magazin\/wp-content\/uploads\/2019\/09\/IMG_0011-984x738.jpeg 984w, https:\/\/kaipara.de\/magazin\/wp-content\/uploads\/2019\/09\/IMG_0011-400x300.jpeg 400w, https:\/\/kaipara.de\/magazin\/wp-content\/uploads\/2019\/09\/IMG_0011-800x600.jpeg 800w\" sizes=\"(max-width: 2048px) 100vw, 2048px\" \/>\r\n<figcaption>Wendelstein M\u00e4nnlein Weg &#8211; Wegweiser entlang der Route<\/figcaption>\r\n<\/figure>\r\n\r\n\r\n\r\n<p>Auf dem Weg begegnen uns immer wieder die kleinen Wendelstein-M\u00e4nnlein, die uns freundlich den Weg weisen. Dieser f\u00fchrt uns bergauf in den Wald. Bis wir <strong>am Parapluie angekommen<\/strong> sind \u2013 einem kleinen \u00fcberdachten Brotzeitstand mit einem <strong>tollen Aussichtsturm<\/strong>. Von hier oben hat man einen <strong>wunderbaren Blick \u00fcber Bayrischzell.<\/strong>\u00a0<\/p>\r\n\r\n\r\n\r\n<ul class=\"wp-block-gallery columns-2 is-cropped\">\r\n<li class=\"blocks-gallery-item\">\r\n<figure><img loading=\"lazy\" width=\"984\" height=\"738\" class=\"wp-image-8582\" src=\"https:\/\/kaipara.de\/magazin\/wp-content\/uploads\/2019\/09\/IMG_0034-984x738.jpeg\" alt=\"Wendelstein M\u00e4nnlein Weg - Aussichtsturm am Parapluie\" data-id=\"8582\" data-link=\"https:\/\/kaipara.de\/magazin\/img_0034\/\" srcset=\"https:\/\/kaipara.de\/magazin\/wp-content\/uploads\/2019\/09\/IMG_0034-984x738.jpeg 984w, https:\/\/kaipara.de\/magazin\/wp-content\/uploads\/2019\/09\/IMG_0034-284x213.jpeg 284w, https:\/\/kaipara.de\/magazin\/wp-content\/uploads\/2019\/09\/IMG_0034-768x576.jpeg 768w, https:\/\/kaipara.de\/magazin\/wp-content\/uploads\/2019\/09\/IMG_0034-400x300.jpeg 400w, https:\/\/kaipara.de\/magazin\/wp-content\/uploads\/2019\/09\/IMG_0034-800x600.jpeg 800w, https:\/\/kaipara.de\/magazin\/wp-content\/uploads\/2019\/09\/IMG_0034.jpeg 2048w\" sizes=\"(max-width: 984px) 100vw, 984px\" \/>\r\n<figcaption>Aussichtsturm am Parapluie<\/figcaption>\r\n<\/figure>\r\n<\/li>\r\n<li class=\"blocks-gallery-item\">\r\n<figure><img loading=\"lazy\" width=\"554\" height=\"738\" class=\"wp-image-8584\" src=\"https:\/\/kaipara.de\/magazin\/wp-content\/uploads\/2019\/09\/IMG_0039-554x738.jpeg\" alt=\"Wendelstein M\u00e4nnlein Weg - Aussicht vom Turm am Parapluie\" data-id=\"8584\" data-link=\"https:\/\/kaipara.de\/magazin\/img_0039\/\" srcset=\"https:\/\/kaipara.de\/magazin\/wp-content\/uploads\/2019\/09\/IMG_0039-554x738.jpeg 554w, https:\/\/kaipara.de\/magazin\/wp-content\/uploads\/2019\/09\/IMG_0039-160x213.jpeg 160w, https:\/\/kaipara.de\/magazin\/wp-content\/uploads\/2019\/09\/IMG_0039-768x1024.jpeg 768w, https:\/\/kaipara.de\/magazin\/wp-content\/uploads\/2019\/09\/IMG_0039-400x533.jpeg 400w, https:\/\/kaipara.de\/magazin\/wp-content\/uploads\/2019\/09\/IMG_0039-450x600.jpeg 450w, https:\/\/kaipara.de\/magazin\/wp-content\/uploads\/2019\/09\/IMG_0039.jpeg 1536w\" sizes=\"(max-width: 554px) 100vw, 554px\" \/>\r\n<figcaption>Aussicht vom Turm am Parapluie<\/figcaption>\r\n<\/figure>\r\n<\/li>\r\n<\/ul>\r\n\r\n\r\n\r\n<h2>Totholz-Steg, Wasserfall und Abenteuerspielplatz am Fu\u00dfe des Wendelsteins<\/h2>\r\n\r\n\r\n\r\n<figure class=\"wp-block-image\"><img loading=\"lazy\" width=\"2048\" height=\"1536\" class=\"wp-image-8585\" src=\"https:\/\/kaipara.de\/magazin\/wp-content\/uploads\/2019\/09\/IMG_0053.jpeg\" alt=\"Wendelstein M\u00e4nnlein Weg - Infotafeln f\u00fcr Kinder\" srcset=\"https:\/\/kaipara.de\/magazin\/wp-content\/uploads\/2019\/09\/IMG_0053.jpeg 2048w, https:\/\/kaipara.de\/magazin\/wp-content\/uploads\/2019\/09\/IMG_0053-284x213.jpeg 284w, https:\/\/kaipara.de\/magazin\/wp-content\/uploads\/2019\/09\/IMG_0053-768x576.jpeg 768w, https:\/\/kaipara.de\/magazin\/wp-content\/uploads\/2019\/09\/IMG_0053-984x738.jpeg 984w, https:\/\/kaipara.de\/magazin\/wp-content\/uploads\/2019\/09\/IMG_0053-400x300.jpeg 400w, https:\/\/kaipara.de\/magazin\/wp-content\/uploads\/2019\/09\/IMG_0053-800x600.jpeg 800w\" sizes=\"(max-width: 2048px) 100vw, 2048px\" \/>\r\n<figcaption>Wendelstein M\u00e4nnlein Weg &#8211; Infotafeln f\u00fcr Kinder<\/figcaption>\r\n<\/figure>\r\n\r\n\r\n\r\n<p>Entlang des <strong>Totholz-Stegs<\/strong> geht es weiter durch den Wald. Hier gibt es immer wieder spannende Infos \u00fcber das Totholz und seine wichtige Aufgabe f\u00fcr den Wald zu lesen. Wir steigen auf schmalen Pfaden und \u00fcber Wurzeln den Wald hinauf. F\u00fcr kleine selbstlaufende Berghelden erfordert das schon etwas Konzentration.\u00a0<\/p>\r\n\r\n\r\n\r\n<p>Mitten im Wald entdecken wir dann die <strong>Gr\u00fcne Gumpe <\/strong>und den Wasserfall. Au\u00dferdem wartet ein <strong>toller Abenteuerspielplatz<\/strong> auf die Kinder. Also legen wir erneut eine Pause ein. \ud83d\ude09<\/p>\r\n\r\n\r\n\r\n<ul class=\"wp-block-gallery columns-2 is-cropped\">\r\n<li class=\"blocks-gallery-item\">\r\n<figure><img loading=\"lazy\" width=\"984\" height=\"738\" class=\"wp-image-8543\" src=\"https:\/\/kaipara.de\/magazin\/wp-content\/uploads\/2019\/09\/IMG_0049-984x738.jpg\" alt=\"Gr\u00fcne Gumpe Bayrischzell\" data-id=\"8543\" data-link=\"https:\/\/kaipara.de\/magazin\/wanderungen\/wendelstein-maennlein-weg-familienwanderung-bayrischzell\/attachment\/img_0049\/\" srcset=\"https:\/\/kaipara.de\/magazin\/wp-content\/uploads\/2019\/09\/IMG_0049-984x738.jpg 984w, https:\/\/kaipara.de\/magazin\/wp-content\/uploads\/2019\/09\/IMG_0049-284x213.jpg 284w, https:\/\/kaipara.de\/magazin\/wp-content\/uploads\/2019\/09\/IMG_0049-768x576.jpg 768w, https:\/\/kaipara.de\/magazin\/wp-content\/uploads\/2019\/09\/IMG_0049-400x300.jpg 400w, https:\/\/kaipara.de\/magazin\/wp-content\/uploads\/2019\/09\/IMG_0049-800x600.jpg 800w, https:\/\/kaipara.de\/magazin\/wp-content\/uploads\/2019\/09\/IMG_0049.jpg 2048w\" sizes=\"(max-width: 984px) 100vw, 984px\" \/>\r\n<figcaption>Gr\u00fcne Gumpe Bayrischzell<\/figcaption>\r\n<\/figure>\r\n<\/li>\r\n<li class=\"blocks-gallery-item\">\r\n<figure><img loading=\"lazy\" width=\"984\" height=\"738\" class=\"wp-image-8587\" src=\"https:\/\/kaipara.de\/magazin\/wp-content\/uploads\/2019\/09\/IMG_0066-984x738.jpeg\" alt=\"Wendelstein M\u00e4nnlein Weg - Abenteuerspielplatz Gr\u00fcne Gumpe\" data-id=\"8587\" data-link=\"https:\/\/kaipara.de\/magazin\/img_0066-2\/\" srcset=\"https:\/\/kaipara.de\/magazin\/wp-content\/uploads\/2019\/09\/IMG_0066-984x738.jpeg 984w, https:\/\/kaipara.de\/magazin\/wp-content\/uploads\/2019\/09\/IMG_0066-284x213.jpeg 284w, https:\/\/kaipara.de\/magazin\/wp-content\/uploads\/2019\/09\/IMG_0066-768x576.jpeg 768w, https:\/\/kaipara.de\/magazin\/wp-content\/uploads\/2019\/09\/IMG_0066-400x300.jpeg 400w, https:\/\/kaipara.de\/magazin\/wp-content\/uploads\/2019\/09\/IMG_0066-800x600.jpeg 800w, https:\/\/kaipara.de\/magazin\/wp-content\/uploads\/2019\/09\/IMG_0066.jpeg 2048w\" sizes=\"(max-width: 984px) 100vw, 984px\" \/>\r\n<figcaption>Abenteuerspielplatz an der gr\u00fcnen Gr\u00fcne Gumpe<\/figcaption>\r\n<\/figure>\r\n<\/li>\r\n<\/ul>\r\n\r\n\r\n\r\n<p>Das letzte St\u00fcck hinauf zum Bergcaf\u00e9 Siglhof erfordert noch einmal etwas Anstrengung, ist dann aber doch in 20 Minuten geschafft. \u00dcber die weiten Weiden mit herrlichem Blick auf den Hof erreichen wir das Caf\u00e9.<\/p>\r\n<p style=\"text-align: center;\"><!-- Fehler, Anzeige ist derzeit aufgrund von Zeitplan-\/Geolocation-Einschr\u00e4nkungen nicht verf\u00fcgbar! --><\/p>\r\n\r\n\r\n\r\n<h2>Bergcaf\u00e9 Siglhof \u2013 Bulldog-Spielplatz &amp; Kaiserschmarren<\/h2>\r\n\r\n\r\n\r\n<figure class=\"wp-block-image\"><img loading=\"lazy\" width=\"1107\" height=\"738\" class=\"wp-image-8557\" src=\"https:\/\/kaipara.de\/magazin\/wp-content\/uploads\/2019\/09\/AndreasSelterPhotography_LenaRobert_663-1107x738.jpg\" alt=\"(c) Andreas Selter Photography\" srcset=\"https:\/\/kaipara.de\/magazin\/wp-content\/uploads\/2019\/09\/AndreasSelterPhotography_LenaRobert_663-1107x738.jpg 1107w, https:\/\/kaipara.de\/magazin\/wp-content\/uploads\/2019\/09\/AndreasSelterPhotography_LenaRobert_663-320x213.jpg 320w, https:\/\/kaipara.de\/magazin\/wp-content\/uploads\/2019\/09\/AndreasSelterPhotography_LenaRobert_663-768x512.jpg 768w, https:\/\/kaipara.de\/magazin\/wp-content\/uploads\/2019\/09\/AndreasSelterPhotography_LenaRobert_663-400x267.jpg 400w, https:\/\/kaipara.de\/magazin\/wp-content\/uploads\/2019\/09\/AndreasSelterPhotography_LenaRobert_663-900x600.jpg 900w, https:\/\/kaipara.de\/magazin\/wp-content\/uploads\/2019\/09\/AndreasSelterPhotography_LenaRobert_663.jpg 2048w\" sizes=\"(max-width: 1107px) 100vw, 1107px\" \/>\r\n<figcaption>Bergcafe Siglhof &#8211; Hochkreuth<\/figcaption>\r\n<\/figure>\r\n\r\n\r\n\r\n<p>Das Bergcaf\u00e9 ist ein netter kleiner Familienbetrieb, der neben leckeren Brotzeiten ein besonderes Highlight bietet: <strong>Die Kaiserschmarren-H\u00fctte<\/strong>. Hier bereitet ein echter Konditor-Meister den f\u00fcr uns besten Kaiserschmarren der Welt zu. Unbedingt probieren!<\/p>\r\n\r\n\r\n\r\n<figure class=\"wp-block-image\"><img loading=\"lazy\" width=\"956\" height=\"1024\" class=\"wp-image-8538\" src=\"https:\/\/kaipara.de\/magazin\/wp-content\/uploads\/2019\/09\/IspLiVUCRw6ztTLC211Sw_thumb_2b39.jpg\" alt=\"Kaiserschmarrn auf dem Siglhof\" srcset=\"https:\/\/kaipara.de\/magazin\/wp-content\/uploads\/2019\/09\/IspLiVUCRw6ztTLC211Sw_thumb_2b39.jpg 956w, https:\/\/kaipara.de\/magazin\/wp-content\/uploads\/2019\/09\/IspLiVUCRw6ztTLC211Sw_thumb_2b39-199x213.jpg 199w, https:\/\/kaipara.de\/magazin\/wp-content\/uploads\/2019\/09\/IspLiVUCRw6ztTLC211Sw_thumb_2b39-768x823.jpg 768w, https:\/\/kaipara.de\/magazin\/wp-content\/uploads\/2019\/09\/IspLiVUCRw6ztTLC211Sw_thumb_2b39-689x738.jpg 689w, https:\/\/kaipara.de\/magazin\/wp-content\/uploads\/2019\/09\/IspLiVUCRw6ztTLC211Sw_thumb_2b39-400x428.jpg 400w, https:\/\/kaipara.de\/magazin\/wp-content\/uploads\/2019\/09\/IspLiVUCRw6ztTLC211Sw_thumb_2b39-560x600.jpg 560w\" sizes=\"(max-width: 956px) 100vw, 956px\" \/>\r\n<figcaption>Kaiserschmarren auf dem Bergcafe Siglhof<\/figcaption>\r\n<\/figure>\r\n\r\n\r\n\r\n<p>Die gr\u00f6\u00dferen Kinder k\u00f6nnen sich auf dem <strong>Spielplatz mit Bulldog und alter Seilbahn-Gondel<\/strong> austoben. Die Kleinen haben mit den<strong> freilaufenden H\u00fchnern<\/strong> unterm Tisch tierisches Kino.\u00a0<\/p>\r\n\r\n\r\n\r\n<h2>Durch den Birkenwald zur\u00fcck nach Bayrischzell<\/h2>\r\n\r\n\r\n\r\n<p>Wer mag, kann die gleiche Route wieder zur\u00fcck laufen. Wir w\u00e4hlen \u2013nachdem wir den Wald wieder erreicht haben, die rechte Abzweigung (also diesmal dem anderen Wendelstein-M\u00e4nnlein folgend) und laufen so den Rundweg. Dieser geht recht z\u00fcgig, \u00fcber Wurzeln steigend den Kiefernwald bergab. <br \/>Am Ende kommen wir am <a href=\"https:\/\/www.almbad.de\/tannermuehl\/\">Dorfbad Tannerm\u00fchl<\/a> vorbei in der N\u00e4he des Bahnhofs aus dem Wald und erreichen nach nur ca. 30 Minuten wieder unser Auto.\u00a0<\/p>\r\n\r\n\r\n\r\n<figure class=\"wp-block-image\"><img loading=\"lazy\" width=\"2048\" height=\"1536\" class=\"wp-image-8588\" src=\"https:\/\/kaipara.de\/magazin\/wp-content\/uploads\/2019\/09\/IMG_0075.jpeg\" alt=\"Wendelstein M\u00e4nnlein Weg - Dorfbad Tannerm\u00fchl\" srcset=\"https:\/\/kaipara.de\/magazin\/wp-content\/uploads\/2019\/09\/IMG_0075.jpeg 2048w, https:\/\/kaipara.de\/magazin\/wp-content\/uploads\/2019\/09\/IMG_0075-284x213.jpeg 284w, https:\/\/kaipara.de\/magazin\/wp-content\/uploads\/2019\/09\/IMG_0075-768x576.jpeg 768w, https:\/\/kaipara.de\/magazin\/wp-content\/uploads\/2019\/09\/IMG_0075-984x738.jpeg 984w, https:\/\/kaipara.de\/magazin\/wp-content\/uploads\/2019\/09\/IMG_0075-400x300.jpeg 400w, https:\/\/kaipara.de\/magazin\/wp-content\/uploads\/2019\/09\/IMG_0075-800x600.jpeg 800w\" sizes=\"(max-width: 2048px) 100vw, 2048px\" \/>\r\n<figcaption>Dorfbad Tannerm\u00fchl<\/figcaption>\r\n<\/figure>\r\n\r\n\r\n\r\n<p>Der Wendelstein-M\u00e4nnlein-Weg ist eine <strong>wirklich sch\u00f6ne und abwechslungsreiche Familienwanderung<\/strong> von Bayrischzell aus, die vor allem f\u00fcr Kinder wahnsinnig viel zu bieten hat. Langeweile kommt hier sicher nicht auf!\u00a0<\/p>\r\n\r\n\r\n\r\n<h2>&gt;&gt;Quick-Infos zum Wendelstein-M\u00e4nnlein-Weg&lt;&lt;<\/h2>\r\n\r\n\r\n\r\n<ul>\r\n<li><strong>Charakter:<\/strong> Leichte Wanderung f\u00fcr Kinder (ab ca. 4 Jahren) \u2013 lauffaul sollten sie nicht sein, daf\u00fcr trittsicher, leichte Wanderschuhe reichen hier aus.<\/li>\r\n<\/ul>\r\n\r\n\r\n\r\n<ul>\r\n<li><strong>Talort:<\/strong> Bayrischzell<\/li>\r\n<\/ul>\r\n\r\n\r\n\r\n<ul>\r\n<li><strong>H\u00fctte\/Einkehr:<\/strong> Bergcaf\u00e9 Siglhof (liegt auf knapp 1.000 Metern)<\/li>\r\n<\/ul>\r\n\r\n\r\n\r\n<ul>\r\n<li><strong>Dauer:<\/strong> ca. 1,5 Stunden \u2013 2 Stunden mit diversen Aufenthalten auf der Route<\/li>\r\n<\/ul>\r\n\r\n\r\n\r\n<ul>\r\n<li><strong>H\u00f6henmeter:<\/strong> ca. 250 H\u00f6henmeter<\/li>\r\n<\/ul>\r\n\r\n\r\n\r\n<ul>\r\n<li><strong>Anfahrt: <\/strong>A8 bis Ausfahrt Weyarn, weiter \u00fcber Staatsstra\u00dfe 2072 und B307 nach Bayrischzell, Parken am Bahnhof oder der Schule\u00a0<\/li>\r\n<\/ul>\r\n\r\n\r\n\r\n<p>Feature Image: (c) <a href=\"https:\/\/andreas-selter.com\/\">Andreas Selter Photography<\/a><\/p>\r\n","protected":false},"excerpt":{"rendered":"<p>Vor Kurzem waren wir mal wieder auf der Suche nach einer kleinen Familienwanderung in der N\u00e4he vom Schliersee. Sie sollte&#8230;<\/p>\n","protected":false},"author":18,"featured_media":8557,"comment_status":"closed","ping_status":"closed","sticky":false,"template":"","format":"standard","meta":[],"categories":[4],"tags":[],"yoast_head":"<!-- This site is optimized with the Yoast SEO plugin v19.11 - https:\/\/yoast.com\/wordpress\/plugins\/seo\/ -->\n<title>Wendelstein-M\u00e4nnlein-Weg: Familienwanderung in Bayrischzell<\/title>\n<meta name=\"description\" content=\"Eine sch\u00f6ne Wanderung in der N\u00e4he vom Schliersee f\u00fcr Klein und Gro\u00df: Der Wendelstein-M\u00e4nnlein-Weg mit Mittagspause im Bergcaf\u00e9 Siglhof.\" \/>\n<meta name=\"robots\" content=\"index, follow, max-snippet:-1, max-image-preview:large, max-video-preview:-1\" \/>\n<link rel=\"canonical\" href=\"https:\/\/kaipara.de\/magazin\/wanderungen\/wendelstein-maennlein-weg-familienwanderung-bayrischzell\/\" \/>\n<meta property=\"og:locale\" content=\"de_DE\" \/>\n<meta property=\"og:type\" content=\"article\" \/>\n<meta property=\"og:title\" content=\"Wendelstein-M\u00e4nnlein-Weg: Familienwanderung in Bayrischzell\" \/>\n<meta property=\"og:description\" content=\"Eine sch\u00f6ne Wanderung in der N\u00e4he vom Schliersee f\u00fcr Klein und Gro\u00df: Der Wendelstein-M\u00e4nnlein-Weg mit Mittagspause im Bergcaf\u00e9 Siglhof.\" \/>\n<meta property=\"og:url\" content=\"https:\/\/kaipara.de\/magazin\/wanderungen\/wendelstein-maennlein-weg-familienwanderung-bayrischzell\/\" \/>\n<meta property=\"og:site_name\" content=\"Kaipara Magazin\" \/>\n<meta property=\"article:publisher\" content=\"https:\/\/www.facebook.com\/kaipara.merino.sportswear\" \/>\n<meta property=\"article:published_time\" content=\"2019-09-11T14:46:50+00:00\" \/>\n<meta property=\"article:modified_time\" content=\"2024-06-18T11:26:36+00:00\" \/>\n<meta property=\"og:image\" content=\"https:\/\/kaipara.de\/magazin\/wp-content\/uploads\/2019\/09\/AndreasSelterPhotography_LenaRobert_663.jpg\" \/>\n\t<meta property=\"og:image:width\" content=\"2048\" \/>\n\t<meta property=\"og:image:height\" content=\"1365\" \/>\n\t<meta property=\"og:image:type\" content=\"image\/jpeg\" \/>\n<meta name=\"author\" content=\"Lena\" \/>\n<meta name=\"twitter:card\" content=\"summary_large_image\" \/>\n<meta name=\"twitter:label1\" content=\"Verfasst von\" \/>\n\t<meta name=\"twitter:data1\" content=\"\" \/>\n\t<meta name=\"twitter:label2\" content=\"Gesch\u00e4tzte Lesezeit\" \/>\n\t<meta name=\"twitter:data2\" content=\"6 Minuten\" \/>\n<script type=\"application\/ld+json\" class=\"yoast-schema-graph\">{\"@context\":\"https:\/\/schema.org\",\"@graph\":[{\"@type\":\"Article\",\"@id\":\"https:\/\/kaipara.de\/magazin\/wanderungen\/wendelstein-maennlein-weg-familienwanderung-bayrischzell\/#article\",\"isPartOf\":{\"@id\":\"https:\/\/kaipara.de\/magazin\/wanderungen\/wendelstein-maennlein-weg-familienwanderung-bayrischzell\/\"},\"author\":{\"name\":\"Lena\",\"@id\":\"https:\/\/kaipara.de\/magazin\/#\/schema\/person\/eec482209e5a7e24de8e295993e8d658\"},\"headline\":\"Wendelstein-M\u00e4nnlein-Weg: Familienwanderung in Bayrischzell\",\"datePublished\":\"2019-09-11T14:46:50+00:00\",\"dateModified\":\"2024-06-18T11:26:36+00:00\",\"mainEntityOfPage\":{\"@id\":\"https:\/\/kaipara.de\/magazin\/wanderungen\/wendelstein-maennlein-weg-familienwanderung-bayrischzell\/\"},\"wordCount\":712,\"publisher\":{\"@id\":\"https:\/\/kaipara.de\/magazin\/#organization\"},\"articleSection\":[\"Wanderungen\"],\"inLanguage\":\"de-DE\"},{\"@type\":\"WebPage\",\"@id\":\"https:\/\/kaipara.de\/magazin\/wanderungen\/wendelstein-maennlein-weg-familienwanderung-bayrischzell\/\",\"url\":\"https:\/\/kaipara.de\/magazin\/wanderungen\/wendelstein-maennlein-weg-familienwanderung-bayrischzell\/\",\"name\":\"Wendelstein-M\u00e4nnlein-Weg: Familienwanderung in Bayrischzell\",\"isPartOf\":{\"@id\":\"https:\/\/kaipara.de\/magazin\/#website\"},\"datePublished\":\"2019-09-11T14:46:50+00:00\",\"dateModified\":\"2024-06-18T11:26:36+00:00\",\"description\":\"Eine sch\u00f6ne Wanderung in der N\u00e4he vom Schliersee f\u00fcr Klein und Gro\u00df: Der Wendelstein-M\u00e4nnlein-Weg mit Mittagspause im Bergcaf\u00e9 Siglhof.\",\"breadcrumb\":{\"@id\":\"https:\/\/kaipara.de\/magazin\/wanderungen\/wendelstein-maennlein-weg-familienwanderung-bayrischzell\/#breadcrumb\"},\"inLanguage\":\"de-DE\",\"potentialAction\":[{\"@type\":\"ReadAction\",\"target\":[\"https:\/\/kaipara.de\/magazin\/wanderungen\/wendelstein-maennlein-weg-familienwanderung-bayrischzell\/\"]}]},{\"@type\":\"BreadcrumbList\",\"@id\":\"https:\/\/kaipara.de\/magazin\/wanderungen\/wendelstein-maennlein-weg-familienwanderung-bayrischzell\/#breadcrumb\",\"itemListElement\":[{\"@type\":\"ListItem\",\"position\":1,\"name\":\"Startseite\",\"item\":\"https:\/\/kaipara.de\/magazin\/\"},{\"@type\":\"ListItem\",\"position\":2,\"name\":\"Wendelstein-M\u00e4nnlein-Weg: Familienwanderung in Bayrischzell\"}]},{\"@type\":\"WebSite\",\"@id\":\"https:\/\/kaipara.de\/magazin\/#website\",\"url\":\"https:\/\/kaipara.de\/magazin\/\",\"name\":\"Kaipara Magazin\",\"description\":\"Wissenswertes \u00fcber Merinowolle und Wanderungen in den Alpen \",\"publisher\":{\"@id\":\"https:\/\/kaipara.de\/magazin\/#organization\"},\"potentialAction\":[{\"@type\":\"SearchAction\",\"target\":{\"@type\":\"EntryPoint\",\"urlTemplate\":\"https:\/\/kaipara.de\/magazin\/?s={search_term_string}\"},\"query-input\":\"required name=search_term_string\"}],\"inLanguage\":\"de-DE\"},{\"@type\":\"Organization\",\"@id\":\"https:\/\/kaipara.de\/magazin\/#organization\",\"name\":\"Kaipara\",\"url\":\"https:\/\/kaipara.de\/magazin\/\",\"logo\":{\"@type\":\"ImageObject\",\"inLanguage\":\"de-DE\",\"@id\":\"https:\/\/kaipara.de\/magazin\/#\/schema\/logo\/image\/\",\"url\":\"https:\/\/kaipara.de\/magazin\/wp-content\/uploads\/2022\/06\/logo_kaipara_subline.jpeg\",\"contentUrl\":\"https:\/\/kaipara.de\/magazin\/wp-content\/uploads\/2022\/06\/logo_kaipara_subline.jpeg\",\"width\":298,\"height\":100,\"caption\":\"Kaipara\"},\"image\":{\"@id\":\"https:\/\/kaipara.de\/magazin\/#\/schema\/logo\/image\/\"},\"sameAs\":[\"https:\/\/www.instagram.com\/kaipara_merino\/\",\"https:\/\/www.youtube.com\/channel\/UCZGZ8QTtiOmQTMo7RsNfzCg\",\"https:\/\/www.facebook.com\/kaipara.merino.sportswear\"]},{\"@type\":\"Person\",\"@id\":\"https:\/\/kaipara.de\/magazin\/#\/schema\/person\/eec482209e5a7e24de8e295993e8d658\",\"name\":\"Lena\",\"image\":{\"@type\":\"ImageObject\",\"inLanguage\":\"de-DE\",\"@id\":\"https:\/\/kaipara.de\/magazin\/#\/schema\/person\/image\/\",\"url\":\"https:\/\/kaipara.de\/magazin\/wp-content\/uploads\/2016\/05\/Lena-auf-der-Mutspize-1-150x150.jpg\",\"contentUrl\":\"https:\/\/kaipara.de\/magazin\/wp-content\/uploads\/2016\/05\/Lena-auf-der-Mutspize-1-150x150.jpg\",\"caption\":\"Lena\"},\"description\":\"Als Kind noch von Papa auf den Berg gescheucht, erklimme ich heute von ganz alleine und liebend gerne den einen oder anderen Gipfel. :-)\",\"sameAs\":[\"https:\/\/www.lena-liebt.de\/\"],\"url\":\"https:\/\/kaipara.de\/magazin\/author\/lena\/\"}]}<\/script>\n<!-- \/ Yoast SEO plugin. -->","yoast_head_json":{"title":"Wendelstein-M\u00e4nnlein-Weg: Familienwanderung in Bayrischzell","description":"Eine sch\u00f6ne Wanderung in der N\u00e4he vom Schliersee f\u00fcr Klein und Gro\u00df: Der Wendelstein-M\u00e4nnlein-Weg mit Mittagspause im Bergcaf\u00e9 Siglhof.","robots":{"index":"index","follow":"follow","max-snippet":"max-snippet:-1","max-image-preview":"max-image-preview:large","max-video-preview":"max-video-preview:-1"},"canonical":"https:\/\/kaipara.de\/magazin\/wanderungen\/wendelstein-maennlein-weg-familienwanderung-bayrischzell\/","og_locale":"de_DE","og_type":"article","og_title":"Wendelstein-M\u00e4nnlein-Weg: Familienwanderung in Bayrischzell","og_description":"Eine sch\u00f6ne Wanderung in der N\u00e4he vom Schliersee f\u00fcr Klein und Gro\u00df: Der Wendelstein-M\u00e4nnlein-Weg mit Mittagspause im Bergcaf\u00e9 Siglhof.","og_url":"https:\/\/kaipara.de\/magazin\/wanderungen\/wendelstein-maennlein-weg-familienwanderung-bayrischzell\/","og_site_name":"Kaipara Magazin","article_publisher":"https:\/\/www.facebook.com\/kaipara.merino.sportswear","article_published_time":"2019-09-11T14:46:50+00:00","article_modified_time":"2024-06-18T11:26:36+00:00","og_image":[{"width":2048,"height":1365,"url":"https:\/\/kaipara.de\/magazin\/wp-content\/uploads\/2019\/09\/AndreasSelterPhotography_LenaRobert_663.jpg","type":"image\/jpeg"}],"author":"Lena","twitter_card":"summary_large_image","twitter_misc":{"Verfasst von":false,"Gesch\u00e4tzte Lesezeit":"6 Minuten"},"schema":{"@context":"https:\/\/schema.org","@graph":[{"@type":"Article","@id":"https:\/\/kaipara.de\/magazin\/wanderungen\/wendelstein-maennlein-weg-familienwanderung-bayrischzell\/#article","isPartOf":{"@id":"https:\/\/kaipara.de\/magazin\/wanderungen\/wendelstein-maennlein-weg-familienwanderung-bayrischzell\/"},"author":{"name":"Lena","@id":"https:\/\/kaipara.de\/magazin\/#\/schema\/person\/eec482209e5a7e24de8e295993e8d658"},"headline":"Wendelstein-M\u00e4nnlein-Weg: Familienwanderung in Bayrischzell","datePublished":"2019-09-11T14:46:50+00:00","dateModified":"2024-06-18T11:26:36+00:00","mainEntityOfPage":{"@id":"https:\/\/kaipara.de\/magazin\/wanderungen\/wendelstein-maennlein-weg-familienwanderung-bayrischzell\/"},"wordCount":712,"publisher":{"@id":"https:\/\/kaipara.de\/magazin\/#organization"},"articleSection":["Wanderungen"],"inLanguage":"de-DE"},{"@type":"WebPage","@id":"https:\/\/kaipara.de\/magazin\/wanderungen\/wendelstein-maennlein-weg-familienwanderung-bayrischzell\/","url":"https:\/\/kaipara.de\/magazin\/wanderungen\/wendelstein-maennlein-weg-familienwanderung-bayrischzell\/","name":"Wendelstein-M\u00e4nnlein-Weg: Familienwanderung in Bayrischzell","isPartOf":{"@id":"https:\/\/kaipara.de\/magazin\/#website"},"datePublished":"2019-09-11T14:46:50+00:00","dateModified":"2024-06-18T11:26:36+00:00","description":"Eine sch\u00f6ne Wanderung in der N\u00e4he vom Schliersee f\u00fcr Klein und Gro\u00df: Der Wendelstein-M\u00e4nnlein-Weg mit Mittagspause im Bergcaf\u00e9 Siglhof.","breadcrumb":{"@id":"https:\/\/kaipara.de\/magazin\/wanderungen\/wendelstein-maennlein-weg-familienwanderung-bayrischzell\/#breadcrumb"},"inLanguage":"de-DE","potentialAction":[{"@type":"ReadAction","target":["https:\/\/kaipara.de\/magazin\/wanderungen\/wendelstein-maennlein-weg-familienwanderung-bayrischzell\/"]}]},{"@type":"BreadcrumbList","@id":"https:\/\/kaipara.de\/magazin\/wanderungen\/wendelstein-maennlein-weg-familienwanderung-bayrischzell\/#breadcrumb","itemListElement":[{"@type":"ListItem","position":1,"name":"Startseite","item":"https:\/\/kaipara.de\/magazin\/"},{"@type":"ListItem","position":2,"name":"Wendelstein-M\u00e4nnlein-Weg: Familienwanderung in Bayrischzell"}]},{"@type":"WebSite","@id":"https:\/\/kaipara.de\/magazin\/#website","url":"https:\/\/kaipara.de\/magazin\/","name":"Kaipara Magazin","description":"Wissenswertes \u00fcber Merinowolle und Wanderungen in den Alpen ","publisher":{"@id":"https:\/\/kaipara.de\/magazin\/#organization"},"potentialAction":[{"@type":"SearchAction","target":{"@type":"EntryPoint","urlTemplate":"https:\/\/kaipara.de\/magazin\/?s={search_term_string}"},"query-input":"required name=search_term_string"}],"inLanguage":"de-DE"},{"@type":"Organization","@id":"https:\/\/kaipara.de\/magazin\/#organization","name":"Kaipara","url":"https:\/\/kaipara.de\/magazin\/","logo":{"@type":"ImageObject","inLanguage":"de-DE","@id":"https:\/\/kaipara.de\/magazin\/#\/schema\/logo\/image\/","url":"https:\/\/kaipara.de\/magazin\/wp-content\/uploads\/2022\/06\/logo_kaipara_subline.jpeg","contentUrl":"https:\/\/kaipara.de\/magazin\/wp-content\/uploads\/2022\/06\/logo_kaipara_subline.jpeg","width":298,"height":100,"caption":"Kaipara"},"image":{"@id":"https:\/\/kaipara.de\/magazin\/#\/schema\/logo\/image\/"},"sameAs":["https:\/\/www.instagram.com\/kaipara_merino\/","https:\/\/www.youtube.com\/channel\/UCZGZ8QTtiOmQTMo7RsNfzCg","https:\/\/www.facebook.com\/kaipara.merino.sportswear"]},{"@type":"Person","@id":"https:\/\/kaipara.de\/magazin\/#\/schema\/person\/eec482209e5a7e24de8e295993e8d658","name":"Lena","image":{"@type":"ImageObject","inLanguage":"de-DE","@id":"https:\/\/kaipara.de\/magazin\/#\/schema\/person\/image\/","url":"https:\/\/kaipara.de\/magazin\/wp-content\/uploads\/2016\/05\/Lena-auf-der-Mutspize-1-150x150.jpg","contentUrl":"https:\/\/kaipara.de\/magazin\/wp-content\/uploads\/2016\/05\/Lena-auf-der-Mutspize-1-150x150.jpg","caption":"Lena"},"description":"Als Kind noch von Papa auf den Berg gescheucht, erklimme ich heute von ganz alleine und liebend gerne den einen oder anderen Gipfel. :-)","sameAs":["https:\/\/www.lena-liebt.de\/"],"url":"https:\/\/kaipara.de\/magazin\/author\/lena\/"}]}},"publishpress_future_action":{"enabled":false,"date":"1970-01-01 00:00:00","action":"","terms":[],"taxonomy":"","browser_timezone_offset":0},"_links":{"self":[{"href":"https:\/\/kaipara.de\/magazin\/wp-json\/wp\/v2\/posts\/8520"}],"collection":[{"href":"https:\/\/kaipara.de\/magazin\/wp-json\/wp\/v2\/posts"}],"about":[{"href":"https:\/\/kaipara.de\/magazin\/wp-json\/wp\/v2\/types\/post"}],"author":[{"embeddable":true,"href":"https:\/\/kaipara.de\/magazin\/wp-json\/wp\/v2\/users\/18"}],"replies":[{"embeddable":true,"href":"https:\/\/kaipara.de\/magazin\/wp-json\/wp\/v2\/comments?post=8520"}],"version-history":[{"count":2,"href":"https:\/\/kaipara.de\/magazin\/wp-json\/wp\/v2\/posts\/8520\/revisions"}],"predecessor-version":[{"id":9831,"href":"https:\/\/kaipara.de\/magazin\/wp-json\/wp\/v2\/posts\/8520\/revisions\/9831"}],"wp:featuredmedia":[{"embeddable":true,"href":"https:\/\/kaipara.de\/magazin\/wp-json\/wp\/v2\/media\/8557"}],"wp:attachment":[{"href":"https:\/\/kaipara.de\/magazin\/wp-json\/wp\/v2\/media?parent=8520"}],"wp:term":[{"taxonomy":"category","embeddable":true,"href":"https:\/\/kaipara.de\/magazin\/wp-json\/wp\/v2\/categories?post=8520"},{"taxonomy":"post_tag","embeddable":true,"href":"https:\/\/kaipara.de\/magazin\/wp-json\/wp\/v2\/tags?post=8520"}],"curies":[{"name":"wp","href":"https:\/\/api.w.org\/{rel}","templated":true}]}}