{"id":9348,"date":"2023-05-26T12:50:43","date_gmt":"2023-05-26T12:50:43","guid":{"rendered":"https:\/\/kaipara.de\/magazin\/?p=9348"},"modified":"2024-09-30T09:37:46","modified_gmt":"2024-09-30T09:37:46","slug":"alternative-alpenueberquerung-bodensee-lago-maggiore","status":"publish","type":"post","link":"https:\/\/kaipara.de\/magazin\/wanderungen\/alternative-alpenueberquerung-bodensee-lago-maggiore\/","title":{"rendered":"Alternative Alpen\u00fcberquerung abseits der Massen: Vom Bodensee zum Lago Maggiore"},"content":{"rendered":"<p><em>Der Traumpfad M\u00fcnchen-Venedig oder die Route von Oberstdorf nach Meran sind bekannte Klassiker f\u00fcr eine Alpen\u00fcberquerung \u2013 und entsprechend stark frequentiert. Jochen Wilde von <a href=\"https:\/\/www.wilde-alpentouren.de\" target=\"_blank\" rel=\"noopener\">Wilde Alpentouren<\/a> hat sich f\u00fcr eine andere, weniger begangene Route entschieden. In sieben Tagen ging es in der Gruppe vom Bodensee zum Lago Maggiore. Hier teilt der Bergwanderf\u00fchrer aus dem Allg\u00e4u seine Erlebnisse bei der \u201eSchweizer Alpen\u00fcberquerung\u201c mit uns.<\/em><\/p>\n<div id=\"attachment_9351\" style=\"width: 1563px\" class=\"wp-caption aligncenter\"><a href=\"https:\/\/kaipara.de\/magazin\/wp-content\/uploads\/2023\/05\/Alpenueberquerung-mal-anders.jpeg\" data-rel=\"lightbox-image-0\" data-rl_title=\"Alpen\u00fcberquerung mal anders - Copyright: Jochen Wilde\" data-rl_caption=\"\" title=\"Alpen\u00fcberquerung mal anders - Copyright: Jochen Wilde\"><img aria-describedby=\"caption-attachment-9351\" loading=\"lazy\" class=\"size-full wp-image-9351\" src=\"https:\/\/kaipara.de\/magazin\/wp-content\/uploads\/2023\/05\/Alpenueberquerung-mal-anders.jpeg\" alt=\"Alpen\u00fcberquerung mal anders - Copyright: Jochen Wilde\" width=\"1553\" height=\"1035\" srcset=\"https:\/\/kaipara.de\/magazin\/wp-content\/uploads\/2023\/05\/Alpenueberquerung-mal-anders.jpeg 1553w, https:\/\/kaipara.de\/magazin\/wp-content\/uploads\/2023\/05\/Alpenueberquerung-mal-anders-320x213.jpeg 320w, https:\/\/kaipara.de\/magazin\/wp-content\/uploads\/2023\/05\/Alpenueberquerung-mal-anders-1107x738.jpeg 1107w, https:\/\/kaipara.de\/magazin\/wp-content\/uploads\/2023\/05\/Alpenueberquerung-mal-anders-768x512.jpeg 768w, https:\/\/kaipara.de\/magazin\/wp-content\/uploads\/2023\/05\/Alpenueberquerung-mal-anders-1536x1024.jpeg 1536w\" sizes=\"(max-width: 1553px) 100vw, 1553px\" \/><\/a><p id=\"caption-attachment-9351\" class=\"wp-caption-text\">Alpen\u00fcberquerung mal anders &#8211; Copyright: Jochen Wilde<\/p><\/div>\n<p><strong><em>Ein Gastbeitrag von Jochen Wilde<\/em><\/strong><\/p>\n<h2>Quick-Infos zur Alpen\u00fcberquerung Bodensee-Lago Maggiore<\/h2>\n<ul>\n<li><span style=\"text-decoration: underline;\">Etappen und \u00dcbernachtungen:<\/span><\/li>\n<li>Tag 1: Durch das Alpsteinmassiv auf die Zwinglipassh\u00fctte<\/li>\n<li>Tag 2: Von der Zwinglipassh\u00fctte zum Walensee<\/li>\n<li>Tag 3: Vom Walensee zur Kistenpassh\u00fctte<\/li>\n<li>Tag 4: Abstieg zur Ruinaulta (Rheinschlucht) und \u00fcber den Gletscher zur Cavardirash\u00fctte<\/li>\n<li>Tag 5: Mit der Matterhorn Gotthardbahn zum Oberalppass und zur Rheinquelle<\/li>\n<li>Tag 6: Von der Maighelsh\u00fctte ins Tessin<\/li>\n<li>Tag 7: Von den Bergen des Tessin zum Lago Maggiore<\/li>\n<li>Strecke: 99 km<\/li>\n<li>H\u00f6henmeter: ca. +5.350 \/ -6.600<\/li>\n<\/ul>\n<h2>\u00dcber die Alpen und ab nach S\u00fcden!<\/h2>\n<p>Endlich ist es so weit: Der Sommer ist da und der S\u00fcden lockt. Wir wollen <strong>abseits der Massen<\/strong> bis zur Alpens\u00fcdseite wandern und haben uns die Tour vom Bodensee zum Lago Maggiore ausgesucht. Unsere<strong> alternative Alpen\u00fcberquerung startet in Fr\u00fcmsen<\/strong> im Kanton St. Gallen, <strong>Endpunkt Locarno<\/strong> im Kanton Tessin. Beide Orte sind hervorragend mit \u00f6ffentlichen Verkehrsmitteln zu erreichen und auch zwischendurch werden wir diese immer wieder nutzen.<\/p>\n<h3>Tag 1: Brot und Bier auf der Zwinglipassh\u00fctte<\/h3>\n<p>Los geht die alternative Alpen\u00fcberquerung mit der Bahn hinauf ins <strong>Alpsteinmassiv<\/strong>. Doch bevor wir in die Bahn einsteigen, m\u00fcssen wir noch die mitgebrachten Brote in unseren Rucksack packen. Auf der <strong>Zwinglipassh\u00fctte<\/strong> gibt es n\u00e4mlich nur fast alles, was wir f\u00fcr eine \u00dcbernachtung brauchen. Das Brot f\u00fcr das Fr\u00fchst\u00fcck am n\u00e4chsten Tag n\u00e4mlich nicht. Und so haben wir f\u00fcr acht Personen insgesamt zwei Brote dabei, die wir auf vier Rucks\u00e4cke verteilen. Oben angekommen wandern wir \u00fcber den wundersch\u00f6nen H\u00f6henzug mit <strong>Blick zur\u00fcck \u00fcber den Bodensee<\/strong> und die Allg\u00e4uer und Lechtaler Alpen.<\/p>\n<p>Aber auch der T\u00f6di mit seinen 3.614 m l\u00e4sst sich blicken. Unter uns liegt der fjordartige <strong>F\u00e4lensee<\/strong>. Wir k\u00f6nnen uns als Gruppen nicht entscheiden, ob wir gemeinsam zum See hinunterlaufen oder weiter auf dem Grat bleiben und so trennt sich unsere Gruppe. Am <strong>Zwinglipass<\/strong> treffen wir wieder aufeinander und laufen die restlichen Meter zur kleinen und gem\u00fctlichen Zwinglipassh\u00fctte. Alle sind von ihrer jeweiligen Variante begeistert. Wir tauschen die Bilder aus und die zwei fittesten Wanderer beschlie\u00dfen tats\u00e4chlich noch zum See zu laufen. Am Ende haben sie ihn nicht erreicht, weil es zu sp\u00e4t war. Aber ihr Entschluss steht fest: Sie kommen wieder.<\/p>\n<p>Den Abend lassen wir auf der kleinen H\u00fctte gem\u00fctlich ausklingen. Vom Sockel gehauen haben uns die Preise. F\u00fcr ca. 50 Schweizer Franken gibt es die \u00dcbernachtung inkl. Halbpension. Wir sind in der Schweiz \u2013 da sind viele H\u00fctten in den Ostalpen teurer. Nach dem ein oder anderen Bier ging es ins kuschelige und recht neue Lager mit seinen acht Pl\u00e4tzen.<\/p>\n<h3>Tag 2: Am Walensee hellen sich Wetter und Laune auf<\/h3>\n<p>Nach einer ruhigen Nacht wandern wir in ca. zwei Stunden auf dem gut markierten Weg zun\u00e4chst hinunter nach <strong>Wildhaus<\/strong>. Ein bisschen traurig sind wir, dass wir weder gestern Abend noch heute Morgen Steinb\u00f6cke gesehen haben. Wir trotten ein wenig vor uns hin, weil das Wetter nicht gerade zum Freudentaumel einl\u00e4dt. Die Sonne l\u00e4sst sich wohl noch etwas Zeit und so k\u00f6nnen wir die Churfirsten nur erahnen.<\/p>\n<p>In Wildhaus angekommen, nehmen wir den Bus und wandern unter den m\u00e4chtigen <strong>Churfirsten<\/strong>, die sich immer mehr blicken lassen, hin\u00fcber zum Walensee. Die uns direkt umgebende Landschaft ist lieblicher als am gestrigen Tag. Doch das \u00e4ndert sich urpl\u00f6tzlich. Am Vorder H\u00f6hi angekommen liegt der Walensee direkt unter uns. Uns trennen auf wenigen Kilometern mehr als 1.000 H\u00f6henmeter. Noch k\u00f6nnen wir ihn nicht sehen, deshalb steigen wir noch auf den Gulmen.<\/p>\n<p>Das Wetter zeigt sich im S\u00fcden nun von seiner freundlichen Seite und so schauen wir \u00fcber den Walensee hinweg nach S\u00fcdwesten bis zum <strong>4.042 m hohen Lauteraarhorn<\/strong>. Die Laune steigt enorm und es wird noch besser, denn im Hotel Arbenb\u00fchl k\u00f6nnen wir den Abend in vollen Z\u00fcgen bei einem leckeren 4-G\u00e4nge-Men\u00fc genie\u00dfen.<\/p>\n\n\t\t<style type=\"text\/css\">\n\t\t\t#gallery-1 {\n\t\t\t\tmargin: auto;\n\t\t\t}\n\t\t\t#gallery-1 .gallery-item {\n\t\t\t\tfloat: left;\n\t\t\t\tmargin-top: 10px;\n\t\t\t\ttext-align: center;\n\t\t\t\twidth: 33%;\n\t\t\t}\n\t\t\t#gallery-1 img {\n\t\t\t\tborder: 2px solid #cfcfcf;\n\t\t\t}\n\t\t\t#gallery-1 .gallery-caption {\n\t\t\t\tmargin-left: 0;\n\t\t\t}\n\t\t\t\/* see gallery_shortcode() in wp-includes\/media.php *\/\n\t\t<\/style>\n\t\t<div id='gallery-1' class='gallery galleryid-9348 gallery-columns-3 gallery-size-thumbnail'><dl class='gallery-item'>\n\t\t\t<dt class='gallery-icon landscape'>\n\t\t\t\t<a href='https:\/\/kaipara.de\/magazin\/wp-content\/uploads\/2023\/05\/Ueber-die-Alpen.jpeg' title=\"\u00dcber die Alpen - Copyright: Jochen Wilde\" data-rl_title=\"\u00dcber die Alpen - Copyright: Jochen Wilde\" class=\"rl-gallery-link\" data-rl_caption=\"\" data-rel=\"lightbox-gallery-1\"><img width=\"150\" height=\"150\" src=\"https:\/\/kaipara.de\/magazin\/wp-content\/uploads\/2023\/05\/Ueber-die-Alpen-150x150.jpeg\" class=\"attachment-thumbnail size-thumbnail\" alt=\"\u00dcber die Alpen - Copyright: Jochen Wilde\" loading=\"lazy\" aria-describedby=\"gallery-1-9355\" \/><\/a>\n\t\t\t<\/dt>\n\t\t\t\t<dd class='wp-caption-text gallery-caption' id='gallery-1-9355'>\n\t\t\t\t\u00dcber die Alpen &#8211; Copyright: Jochen Wilde\n\t\t\t\t<\/dd><\/dl><dl class='gallery-item'>\n\t\t\t<dt class='gallery-icon landscape'>\n\t\t\t\t<a href='https:\/\/kaipara.de\/magazin\/wp-content\/uploads\/2023\/05\/Alternative-Alpenueberquerung.jpeg' title=\"Alternative Alpen\u00fcberquerung - Copyright: Jochen Wilde\" data-rl_title=\"Alternative Alpen\u00fcberquerung - Copyright: Jochen Wilde\" class=\"rl-gallery-link\" data-rl_caption=\"\" data-rel=\"lightbox-gallery-1\"><img width=\"150\" height=\"150\" src=\"https:\/\/kaipara.de\/magazin\/wp-content\/uploads\/2023\/05\/Alternative-Alpenueberquerung-150x150.jpeg\" class=\"attachment-thumbnail size-thumbnail\" alt=\"Alternative Alpen\u00fcberquerung - Copyright: Jochen Wilde\" loading=\"lazy\" aria-describedby=\"gallery-1-9352\" \/><\/a>\n\t\t\t<\/dt>\n\t\t\t\t<dd class='wp-caption-text gallery-caption' id='gallery-1-9352'>\n\t\t\t\tAlternative Alpen\u00fcberquerung &#8211; Copyright: Jochen Wilde\n\t\t\t\t<\/dd><\/dl><dl class='gallery-item'>\n\t\t\t<dt class='gallery-icon landscape'>\n\t\t\t\t<a href='https:\/\/kaipara.de\/magazin\/wp-content\/uploads\/2023\/05\/Kajakfahrer.jpeg' title=\"Kajakfahrer - Copyright: Jochen Wilde\" data-rl_title=\"Kajakfahrer - Copyright: Jochen Wilde\" class=\"rl-gallery-link\" data-rl_caption=\"\" data-rel=\"lightbox-gallery-1\"><img width=\"150\" height=\"150\" src=\"https:\/\/kaipara.de\/magazin\/wp-content\/uploads\/2023\/05\/Kajakfahrer-150x150.jpeg\" class=\"attachment-thumbnail size-thumbnail\" alt=\"Kajakfahrer - Copyright: Jochen Wilde\" loading=\"lazy\" aria-describedby=\"gallery-1-9354\" \/><\/a>\n\t\t\t<\/dt>\n\t\t\t\t<dd class='wp-caption-text gallery-caption' id='gallery-1-9354'>\n\t\t\t\tKajakfahrer &#8211; Copyright: Jochen Wilde\n\t\t\t\t<\/dd><\/dl><br style=\"clear: both\" \/>\n\t\t<\/div>\n\n<h3>Tag 3: Herzlichkeit und hervorragendes Essen auf der Kistenpassh\u00fctte<\/h3>\n<p>Alternative Alpen\u00fcberquerung vom Bodensee zum Lago Maggiore, dritter Tag: Am Morgen fahren wir ein St\u00fcck mit dem Bus und \u00fcberbr\u00fccken im Anschluss \u00fcber tausend H\u00f6henmeter mit der Seilbahn \u2013 f\u00fcr uns ungew\u00f6hnlich: in Selbstbedienung. Durch eine <strong>wilde Hochgebirgslandschaft<\/strong> geht es zwischen Muttsee und Limmerensee nach S\u00fcden. Viele der umliegenden Berge \u00fcberragen deutlich die 3.000er-Marke. Die <strong>Wege sind recht schmal und schottrig<\/strong>, aber f\u00fcr uns alle gut machbar. Nur wenige Kilometer entfernt erhebt sich der T\u00f6de mit seinem aufgrund des gestrigen Schneefalls gezuckerten Haupt: <strong>Eine Aussicht sondersgleichen<\/strong>.<\/p>\n<p>Das heutige Erlebnis des Tages ist jedoch nicht die uns umgebende Landschaft, sondern die <strong>liebevoll gef\u00fchrte, extrem kleine Kistenpassh\u00fctte<\/strong>. 14 Personen k\u00f6nnen hier \u00fcbernachten. Im Gegensatz zu den oft \u00fcbervollen bekannten Regionen begegnet uns hier eine <strong>Herzlichkeit, die man sonst vergebens sucht<\/strong>. Und so r\u00fccken heute die alpinen Eindr\u00fccke des Tages deutlich in den Hintergrund.<\/p>\n<p>Wir sitzen am Abend mit der Wirtin zusammen am Tisch, \u00fcberwinden die Sprachbarrieren, freuen und wundern uns \u00fcber das gute Essen hier oben. Da die Tour im Vergleich zu gestern eher kurz war, geht es heute erst gegen 22 Uhr ins Bett. Nicht wissend, was uns am n\u00e4chsten Tag erwartet.<\/p>\n<h3>Tag 4: Spannende Wege im Schmuddelwetter<\/h3>\n<p>Der Morgen beginnt so herzlich wie er gestern geendet hat. Doch das Wetter spielt heute gar nicht mit. Die Wolken h\u00e4ngen tief und es regnet leicht. Nichtsdestotrotz brechen wir um 7:30 Uhr auf und wandern unserem ersten Ziel entgegen. Bald haben wir den <strong>Kistenpass<\/strong> erreicht und wandern hinunter zu <strong>Alp Quader<\/strong>. Bis hierhin sehen wir nichts von der Landschaft, die wir uns dennoch traumhaft ausmalen.<\/p>\n<p>Mit einem kurzen Transfer geht es hinunter zu Rh\u00e4tischen Bahn, mit der wir dann\u2013 typisch f\u00fcr die Schweiz \u2013 p\u00fcnktlich bis nach <strong>Acla da Fontauna<\/strong> fahren. Dort h\u00e4lt der Zug witzigerweise nur auf Verlangen. Mit der Caischavedra Bahn \u00fcberb\u00fccken wir die ersten 600 H\u00f6henmeter.<\/p>\n<p>Zun\u00e4chst geht es auf gut ausgebautem und markiertem Weg bis auf etwa 2.200 m. Pl\u00f6tzlich ist die Markierung nicht mehr rot-wei\u00df, sondern blau-wei\u00df. Des R\u00e4tsels L\u00f6sung: <strong>Blau-wei\u00df<\/strong> werden in den Schweizer Alpen die <strong>anspruchsvollen Wege<\/strong> markiert. Ab hier ist also nicht mehr zwingend ein Weg vorhanden oder es kann sich um einfache Gletschertraversen handeln. Wir sind gespannt, was uns erwartet, und denken uns: Gut, dass das Wetter so schlecht ist. Dann k\u00f6nnen wir die Gefahren auch nicht erkennen. Ganz so war es dann doch nicht. Die Markierungen waren mehr als ausreichend und viel anspruchsvoller als vorher ging es auch nicht zu. Die <strong>kurze Traverse auf dem markierten Gletscher<\/strong> hat uns zum Schluss schon gar nichts mehr anhaben k\u00f6nnen.<\/p>\n<p>Auf der <strong>2.649 m hohen Cavardirash\u00fctte<\/strong> angekommen, sind wir dennoch froh, den Tag bei diesem Schmuddelwetter hinter uns gebracht zu haben. Der Wetterbericht ist zwar nicht berauschend, stellt aber ab morgen Besserung in Aussicht. Am Abend sitzen wir dann bei einem schmackhaften Mehrgangmen\u00fc rund um den Tisch und sind auf der einen Seite etwas traurig, weil die H\u00e4lfte der Woche schon rum ist. Auf der anderen Seite freuen wir uns, dass das Wetter wieder besser werden soll.<\/p>\n<h3>Tag 5: Wir seh\u2018n den Sternenhimmel<\/h3>\n<p>Heute wartet der Kanton Uri auf uns. Noch immer h\u00e4ngen die Wolken tief, aber es regnet nicht. Das ist schon mal ein Lichtblick. Hinunter geht es wieder auf rot-wei\u00df markiertem Weg <strong>an der Hiterbalmh\u00fctte vorbei bis zur Alp Guferen<\/strong>. Zu sehen gibt es nach wie vor nicht viel, daf\u00fcr jedoch viel zu erahnen. Unsere Fantasie malt sich die sch\u00f6nsten Berge aus und die Stimmung hebt sich trotz des Wetters deutlich \u2013 auch weil wir <strong>in G\u00f6schenen in die Matterhorn Gotthard Bahn<\/strong> umsteigen. Als wir in den Zug einsteigen, lockern die Wolken so langsam auf und wir hoffen auf eine sch\u00f6ne <strong>Wanderung zur Rheinquelle<\/strong> und zur <strong>Maighelsh\u00fctte<\/strong>. So wird es dann auch \u2013 Sonne und Wolken wechseln sich ab.<\/p>\n<p>Der Rhein speist sich aus Vorder- und Hinterrhein. Der Tomasee bzw. der Lai da Tuma gilt als Quelle des Vorderheins. Bis zum See ist heute deutlich mehr los als in den letzten Tagen. Auf dem Weiterweg zur H\u00fctte sind wir allerdings wie gewohnt mehr oder weniger allein unterwegs. Am Abend genie\u00dfen wir nach dem leckeren Essen noch das Spiel der Wolken und den Sternenhimmel. <strong>Weitab der Lichter des Tales<\/strong> sehen wir zum dritten Mal die <strong>Milchstra\u00dfe<\/strong>, wie es uns im Alltag schlicht nicht m\u00f6glich ist.<\/p>\n<h3>Tag 6: S\u00fcdliches Flair und Schwefelwasser<\/h3>\n<p>Nach dem guten Fr\u00fchst\u00fcck ruft schon ruckzuck das <strong>Tessin<\/strong>. Nach ca. zwei Stunden Marsch liegt am Passo Bornengo der s\u00fcdlichste Kanton der Schweiz vor uns. Der Weg bis dahin verl\u00e4uft zun\u00e4chst gem\u00fctlich und breit durch das Tal. Erst kurz vor dem Pass wird er deutlich schroffer.<\/p>\n<p>An der <strong>Capanna Cadlimo<\/strong> legen wir eine kurze Pause ein und genie\u00dfen dort die <strong>schon italienisch anmutende K\u00fcche<\/strong>. Bemerkenswert sind die vielen Seen in dieser Region \u2013 es sind an diesem Tag <strong>\u00fcber zehn Seen<\/strong>, die wir in unmittelbarer N\u00e4he passieren. Gerade der <strong>Lago di Cadagno<\/strong> hat es in sich. In seinen Tiefen ist ein h\u00f6heres Leben unm\u00f6glich. <strong>Schwefelhaltiges Wasser<\/strong> steigt aus unterirdischen Quellen auf und ist f\u00fcr Fische absolut t\u00f6dlich. Nur einige archaische Bakterien f\u00fchlen sich hier wohl.<\/p>\n<p>Sei\u2018s drum, <strong>wir sp\u00fcren schon das s\u00fcdliche Flair<\/strong>, genie\u00dfen das angenehme Klima und erfreuen uns wie jeden Abend am Essen und der guten H\u00fcttenatmosph\u00e4re. Am Abend lockt uns dann schlie\u00dflich noch die langsam untergehende Sonne hinaus und wir schlendern in wenigen Minuten nochmals hinunter zum See.<\/p>\n<h3>Tag 7: Sanfte Wege im Tessiner Gr\u00fcn<\/h3>\n<p><strong>Eine der steilsten Standseilbahnen der Welt<\/strong> steht heute auf dem Programm. Satte <strong>87,8 % Neigung<\/strong> \u00fcberwindet die Bahn am Lago Ritom, als sie uns hinunter in die Leventina bringt. Es folgen eine kurze Busfahrt und eine Fahrt mit der Kabinenbahn zum Lago Tremorgio. Auf den letzten Kilometern erleben wir dann die typischen Landschaften des Tessins. Je nach Route kommen wir an k\u00fcnstlich angelegten Wasserl\u00e4ufen vorbei, die der Wasserversorgung einzelner Parzellen dienen. Gr\u00fcne, sanfte Wege geleiten uns zu unserem letzten Wanderziel.<\/p>\n<p>In Fusio angekommen, warten wir in einem Caf\u00e9 noch auf den Bus, der uns hinunter nach Locarno bringt. <strong>Das Ende unserer ganz besonderen alternativen Alpen\u00fcberquerung steht kurz bevor<\/strong>. Zufrieden und gl\u00fccklich treten wir am n\u00e4chsten Tag mit den Schweizer Bahnen inklusive Gotthard Basis Tunnel die R\u00fcckfahrt an.<\/p>\n\n\t\t<style type=\"text\/css\">\n\t\t\t#gallery-2 {\n\t\t\t\tmargin: auto;\n\t\t\t}\n\t\t\t#gallery-2 .gallery-item {\n\t\t\t\tfloat: left;\n\t\t\t\tmargin-top: 10px;\n\t\t\t\ttext-align: center;\n\t\t\t\twidth: 33%;\n\t\t\t}\n\t\t\t#gallery-2 img {\n\t\t\t\tborder: 2px solid #cfcfcf;\n\t\t\t}\n\t\t\t#gallery-2 .gallery-caption {\n\t\t\t\tmargin-left: 0;\n\t\t\t}\n\t\t\t\/* see gallery_shortcode() in wp-includes\/media.php *\/\n\t\t<\/style>\n\t\t<div id='gallery-2' class='gallery galleryid-9348 gallery-columns-3 gallery-size-thumbnail'><dl class='gallery-item'>\n\t\t\t<dt class='gallery-icon landscape'>\n\t\t\t\t<a href='https:\/\/kaipara.de\/magazin\/wp-content\/uploads\/2023\/05\/Berggasthaus-Bollenwees.jpeg' title=\"Berggasthaus Bollenwees - Copyright: Jochen Wilde\" data-rl_title=\"Berggasthaus Bollenwees - Copyright: Jochen Wilde\" class=\"rl-gallery-link\" data-rl_caption=\"\" data-rel=\"lightbox-gallery-2\"><img width=\"150\" height=\"150\" src=\"https:\/\/kaipara.de\/magazin\/wp-content\/uploads\/2023\/05\/Berggasthaus-Bollenwees-150x150.jpeg\" class=\"attachment-thumbnail size-thumbnail\" alt=\"Berggasthaus Bollenwees - Copyright: Jochen Wilde\" loading=\"lazy\" aria-describedby=\"gallery-2-9353\" \/><\/a>\n\t\t\t<\/dt>\n\t\t\t\t<dd class='wp-caption-text gallery-caption' id='gallery-2-9353'>\n\t\t\t\tBerggasthaus Bollenwees &#8211; Copyright: Jochen Wilde\n\t\t\t\t<\/dd><\/dl><dl class='gallery-item'>\n\t\t\t<dt class='gallery-icon landscape'>\n\t\t\t\t<a href='https:\/\/kaipara.de\/magazin\/wp-content\/uploads\/2023\/05\/Wegweiser.jpeg' title=\"Wegweiser - Copyright: Jochen Wilde\" data-rl_title=\"Wegweiser - Copyright: Jochen Wilde\" class=\"rl-gallery-link\" data-rl_caption=\"\" data-rel=\"lightbox-gallery-2\"><img width=\"150\" height=\"150\" src=\"https:\/\/kaipara.de\/magazin\/wp-content\/uploads\/2023\/05\/Wegweiser-150x150.jpeg\" class=\"attachment-thumbnail size-thumbnail\" alt=\"Wegweiser - Copyright: Jochen Wilde\" loading=\"lazy\" aria-describedby=\"gallery-2-9357\" \/><\/a>\n\t\t\t<\/dt>\n\t\t\t\t<dd class='wp-caption-text gallery-caption' id='gallery-2-9357'>\n\t\t\t\tWegweiser &#8211; Copyright: Jochen Wilde\n\t\t\t\t<\/dd><\/dl><dl class='gallery-item'>\n\t\t\t<dt class='gallery-icon landscape'>\n\t\t\t\t<a href='https:\/\/kaipara.de\/magazin\/wp-content\/uploads\/2023\/05\/Alpenueberquerung-mal-anders.jpeg' title=\"Alpen\u00fcberquerung mal anders - Copyright: Jochen Wilde\" data-rl_title=\"Alpen\u00fcberquerung mal anders - Copyright: Jochen Wilde\" class=\"rl-gallery-link\" data-rl_caption=\"\" data-rel=\"lightbox-gallery-2\"><img width=\"150\" height=\"150\" src=\"https:\/\/kaipara.de\/magazin\/wp-content\/uploads\/2023\/05\/Alpenueberquerung-mal-anders-150x150.jpeg\" class=\"attachment-thumbnail size-thumbnail\" alt=\"Alpen\u00fcberquerung mal anders - Copyright: Jochen Wilde\" loading=\"lazy\" aria-describedby=\"gallery-2-9351\" \/><\/a>\n\t\t\t<\/dt>\n\t\t\t\t<dd class='wp-caption-text gallery-caption' id='gallery-2-9351'>\n\t\t\t\tAlpen\u00fcberquerung mal anders &#8211; Copyright: Jochen Wilde\n\t\t\t\t<\/dd><\/dl><br style=\"clear: both\" \/>\n\t\t<\/div>\n\n<h2>Alternative Alpen\u00fcberquerung &#8211; Fazit<\/h2>\n<p>Trotz des teilweise schlechten Wetters und nasser Klamotten war diese alternative Alpen\u00fcberquerung\u00a0<strong>ein wundervolles Erlebnis<\/strong>. Die teilweise sehr einsamen Wege, die Freundlichkeit der Wirtsleute und die H\u00fctten haben sich tief in unser Ged\u00e4chtnis eingebrannt. Obwohl der Komfort der H\u00fctten, die teilweise \u00fcber keine Duschen verf\u00fcgen, im Vergleich zu den Ostalpen deutlich geringer ausf\u00e4llt, war diese Alpen\u00fcberquerung f\u00fcr uns die bisher beste unsere alpinen Wanderwochen.<\/p>\n<h3>Selbst teilnehmen?<\/h3>\n<p>Das Team von Wilde Alpentouren ber\u00e4t gerne zu Alpen\u00fcberquerungen und anderen Wandertouren. Alle Touren sind individuell gestaltet und von Jochens Team zusammengestellt. Die dargestellten Touren machen mit viel Liebe zum Detail Lust auf mehr. Unter <a href=\"https:\/\/www.wilde-alpentouren.de\/programm\/wandern\/alpenueberquerung\" target=\"_blank\" rel=\"noopener\">https:\/\/www.wilde-alpentouren.de\/programm\/wandern\/alpenueberquerung<\/a> ist das ganze Programm zu sehen.<\/p>\n<p>Alle Fotos: Jochen Wilde<\/p>\n","protected":false},"excerpt":{"rendered":"<p>Alternative Alpen\u00fcberquerung statt Klassiker f\u00fcr eine Alpen\u00fcberquerung. Jochen Wilde stellt eine Variante abseits der Massen vor.<\/p>\n","protected":false},"author":30,"featured_media":9351,"comment_status":"closed","ping_status":"closed","sticky":false,"template":"","format":"standard","meta":[],"categories":[4],"tags":[],"yoast_head":"<!-- This site is optimized with the Yoast SEO plugin v19.11 - https:\/\/yoast.com\/wordpress\/plugins\/seo\/ -->\n<title>Alternative Alpen\u00fcberquerung: Vom Bodensee zum Lago Maggiore<\/title>\n<meta name=\"description\" content=\"Alternative Alpen\u00fcberquerung statt Klassiker f\u00fcr eine Alpen\u00fcberquerung. Jochen Wilde stellt eine Variante abseits der Massen vor.\" \/>\n<meta name=\"robots\" content=\"index, follow, max-snippet:-1, max-image-preview:large, max-video-preview:-1\" \/>\n<link rel=\"canonical\" href=\"https:\/\/kaipara.de\/magazin\/wanderungen\/alternative-alpenueberquerung-bodensee-lago-maggiore\/\" \/>\n<meta property=\"og:locale\" content=\"de_DE\" \/>\n<meta property=\"og:type\" content=\"article\" \/>\n<meta property=\"og:title\" content=\"Alternative Alpen\u00fcberquerung: Vom Bodensee zum Lago Maggiore\" \/>\n<meta property=\"og:description\" content=\"Alternative Alpen\u00fcberquerung statt Klassiker f\u00fcr eine Alpen\u00fcberquerung. Jochen Wilde stellt eine Variante abseits der Massen vor.\" \/>\n<meta property=\"og:url\" content=\"https:\/\/kaipara.de\/magazin\/wanderungen\/alternative-alpenueberquerung-bodensee-lago-maggiore\/\" \/>\n<meta property=\"og:site_name\" content=\"Kaipara Magazin\" \/>\n<meta property=\"article:publisher\" content=\"https:\/\/www.facebook.com\/kaipara.merino.sportswear\" \/>\n<meta property=\"article:published_time\" content=\"2023-05-26T12:50:43+00:00\" \/>\n<meta property=\"article:modified_time\" content=\"2024-09-30T09:37:46+00:00\" \/>\n<meta property=\"og:image\" content=\"https:\/\/kaipara.de\/magazin\/wp-content\/uploads\/2023\/05\/Alpenueberquerung-mal-anders.jpeg\" \/>\n\t<meta property=\"og:image:width\" content=\"1553\" \/>\n\t<meta property=\"og:image:height\" content=\"1035\" \/>\n\t<meta property=\"og:image:type\" content=\"image\/jpeg\" \/>\n<meta name=\"author\" content=\"gastautor\" \/>\n<meta name=\"twitter:card\" content=\"summary_large_image\" \/>\n<meta name=\"twitter:label1\" content=\"Verfasst von\" \/>\n\t<meta name=\"twitter:data1\" content=\"\" \/>\n\t<meta name=\"twitter:label2\" content=\"Gesch\u00e4tzte Lesezeit\" \/>\n\t<meta name=\"twitter:data2\" content=\"11 Minuten\" \/>\n<script type=\"application\/ld+json\" class=\"yoast-schema-graph\">{\"@context\":\"https:\/\/schema.org\",\"@graph\":[{\"@type\":\"Article\",\"@id\":\"https:\/\/kaipara.de\/magazin\/wanderungen\/alternative-alpenueberquerung-bodensee-lago-maggiore\/#article\",\"isPartOf\":{\"@id\":\"https:\/\/kaipara.de\/magazin\/wanderungen\/alternative-alpenueberquerung-bodensee-lago-maggiore\/\"},\"author\":{\"name\":\"gastautor\",\"@id\":\"https:\/\/kaipara.de\/magazin\/#\/schema\/person\/c9ac7dfd5547cd9d079fb2b495ca3172\"},\"headline\":\"Alternative Alpen\u00fcberquerung abseits der Massen: Vom Bodensee zum Lago Maggiore\",\"datePublished\":\"2023-05-26T12:50:43+00:00\",\"dateModified\":\"2024-09-30T09:37:46+00:00\",\"mainEntityOfPage\":{\"@id\":\"https:\/\/kaipara.de\/magazin\/wanderungen\/alternative-alpenueberquerung-bodensee-lago-maggiore\/\"},\"wordCount\":1978,\"publisher\":{\"@id\":\"https:\/\/kaipara.de\/magazin\/#organization\"},\"articleSection\":[\"Wanderungen\"],\"inLanguage\":\"de-DE\"},{\"@type\":\"WebPage\",\"@id\":\"https:\/\/kaipara.de\/magazin\/wanderungen\/alternative-alpenueberquerung-bodensee-lago-maggiore\/\",\"url\":\"https:\/\/kaipara.de\/magazin\/wanderungen\/alternative-alpenueberquerung-bodensee-lago-maggiore\/\",\"name\":\"Alternative Alpen\u00fcberquerung: Vom Bodensee zum Lago Maggiore\",\"isPartOf\":{\"@id\":\"https:\/\/kaipara.de\/magazin\/#website\"},\"datePublished\":\"2023-05-26T12:50:43+00:00\",\"dateModified\":\"2024-09-30T09:37:46+00:00\",\"description\":\"Alternative Alpen\u00fcberquerung statt Klassiker f\u00fcr eine Alpen\u00fcberquerung. Jochen Wilde stellt eine Variante abseits der Massen vor.\",\"breadcrumb\":{\"@id\":\"https:\/\/kaipara.de\/magazin\/wanderungen\/alternative-alpenueberquerung-bodensee-lago-maggiore\/#breadcrumb\"},\"inLanguage\":\"de-DE\",\"potentialAction\":[{\"@type\":\"ReadAction\",\"target\":[\"https:\/\/kaipara.de\/magazin\/wanderungen\/alternative-alpenueberquerung-bodensee-lago-maggiore\/\"]}]},{\"@type\":\"BreadcrumbList\",\"@id\":\"https:\/\/kaipara.de\/magazin\/wanderungen\/alternative-alpenueberquerung-bodensee-lago-maggiore\/#breadcrumb\",\"itemListElement\":[{\"@type\":\"ListItem\",\"position\":1,\"name\":\"Startseite\",\"item\":\"https:\/\/kaipara.de\/magazin\/\"},{\"@type\":\"ListItem\",\"position\":2,\"name\":\"Alternative Alpen\u00fcberquerung abseits der Massen: Vom Bodensee zum Lago Maggiore\"}]},{\"@type\":\"WebSite\",\"@id\":\"https:\/\/kaipara.de\/magazin\/#website\",\"url\":\"https:\/\/kaipara.de\/magazin\/\",\"name\":\"Kaipara Magazin\",\"description\":\"Wissenswertes \u00fcber Merinowolle und Wanderungen in den Alpen \",\"publisher\":{\"@id\":\"https:\/\/kaipara.de\/magazin\/#organization\"},\"potentialAction\":[{\"@type\":\"SearchAction\",\"target\":{\"@type\":\"EntryPoint\",\"urlTemplate\":\"https:\/\/kaipara.de\/magazin\/?s={search_term_string}\"},\"query-input\":\"required name=search_term_string\"}],\"inLanguage\":\"de-DE\"},{\"@type\":\"Organization\",\"@id\":\"https:\/\/kaipara.de\/magazin\/#organization\",\"name\":\"Kaipara\",\"url\":\"https:\/\/kaipara.de\/magazin\/\",\"logo\":{\"@type\":\"ImageObject\",\"inLanguage\":\"de-DE\",\"@id\":\"https:\/\/kaipara.de\/magazin\/#\/schema\/logo\/image\/\",\"url\":\"https:\/\/kaipara.de\/magazin\/wp-content\/uploads\/2022\/06\/logo_kaipara_subline.jpeg\",\"contentUrl\":\"https:\/\/kaipara.de\/magazin\/wp-content\/uploads\/2022\/06\/logo_kaipara_subline.jpeg\",\"width\":298,\"height\":100,\"caption\":\"Kaipara\"},\"image\":{\"@id\":\"https:\/\/kaipara.de\/magazin\/#\/schema\/logo\/image\/\"},\"sameAs\":[\"https:\/\/www.instagram.com\/kaipara_merino\/\",\"https:\/\/www.youtube.com\/channel\/UCZGZ8QTtiOmQTMo7RsNfzCg\",\"https:\/\/www.facebook.com\/kaipara.merino.sportswear\"]},{\"@type\":\"Person\",\"@id\":\"https:\/\/kaipara.de\/magazin\/#\/schema\/person\/c9ac7dfd5547cd9d079fb2b495ca3172\",\"name\":\"gastautor\",\"image\":{\"@type\":\"ImageObject\",\"inLanguage\":\"de-DE\",\"@id\":\"https:\/\/kaipara.de\/magazin\/#\/schema\/person\/image\/\",\"url\":\"https:\/\/kaipara.de\/magazin\/wp-content\/uploads\/2023\/03\/cropped-kaipara_logo-150x150.png\",\"contentUrl\":\"https:\/\/kaipara.de\/magazin\/wp-content\/uploads\/2023\/03\/cropped-kaipara_logo-150x150.png\",\"caption\":\"gastautor\"},\"description\":\"Regelm\u00e4\u00dfig kommen in unserem Kaipara Magazin Gastautoren zu Wort, die \u00fcber ihre Abenteuer und ihre Erlebnisse berichten. Mehr \u00fcber unsere Botschafter und Partner erfahrt ihr direkt im Text.\",\"url\":\"https:\/\/kaipara.de\/magazin\/author\/gastautor\/\"}]}<\/script>\n<!-- \/ Yoast SEO plugin. -->","yoast_head_json":{"title":"Alternative Alpen\u00fcberquerung: Vom Bodensee zum Lago Maggiore","description":"Alternative Alpen\u00fcberquerung statt Klassiker f\u00fcr eine Alpen\u00fcberquerung. Jochen Wilde stellt eine Variante abseits der Massen vor.","robots":{"index":"index","follow":"follow","max-snippet":"max-snippet:-1","max-image-preview":"max-image-preview:large","max-video-preview":"max-video-preview:-1"},"canonical":"https:\/\/kaipara.de\/magazin\/wanderungen\/alternative-alpenueberquerung-bodensee-lago-maggiore\/","og_locale":"de_DE","og_type":"article","og_title":"Alternative Alpen\u00fcberquerung: Vom Bodensee zum Lago Maggiore","og_description":"Alternative Alpen\u00fcberquerung statt Klassiker f\u00fcr eine Alpen\u00fcberquerung. Jochen Wilde stellt eine Variante abseits der Massen vor.","og_url":"https:\/\/kaipara.de\/magazin\/wanderungen\/alternative-alpenueberquerung-bodensee-lago-maggiore\/","og_site_name":"Kaipara Magazin","article_publisher":"https:\/\/www.facebook.com\/kaipara.merino.sportswear","article_published_time":"2023-05-26T12:50:43+00:00","article_modified_time":"2024-09-30T09:37:46+00:00","og_image":[{"width":1553,"height":1035,"url":"https:\/\/kaipara.de\/magazin\/wp-content\/uploads\/2023\/05\/Alpenueberquerung-mal-anders.jpeg","type":"image\/jpeg"}],"author":"gastautor","twitter_card":"summary_large_image","twitter_misc":{"Verfasst von":false,"Gesch\u00e4tzte Lesezeit":"11 Minuten"},"schema":{"@context":"https:\/\/schema.org","@graph":[{"@type":"Article","@id":"https:\/\/kaipara.de\/magazin\/wanderungen\/alternative-alpenueberquerung-bodensee-lago-maggiore\/#article","isPartOf":{"@id":"https:\/\/kaipara.de\/magazin\/wanderungen\/alternative-alpenueberquerung-bodensee-lago-maggiore\/"},"author":{"name":"gastautor","@id":"https:\/\/kaipara.de\/magazin\/#\/schema\/person\/c9ac7dfd5547cd9d079fb2b495ca3172"},"headline":"Alternative Alpen\u00fcberquerung abseits der Massen: Vom Bodensee zum Lago Maggiore","datePublished":"2023-05-26T12:50:43+00:00","dateModified":"2024-09-30T09:37:46+00:00","mainEntityOfPage":{"@id":"https:\/\/kaipara.de\/magazin\/wanderungen\/alternative-alpenueberquerung-bodensee-lago-maggiore\/"},"wordCount":1978,"publisher":{"@id":"https:\/\/kaipara.de\/magazin\/#organization"},"articleSection":["Wanderungen"],"inLanguage":"de-DE"},{"@type":"WebPage","@id":"https:\/\/kaipara.de\/magazin\/wanderungen\/alternative-alpenueberquerung-bodensee-lago-maggiore\/","url":"https:\/\/kaipara.de\/magazin\/wanderungen\/alternative-alpenueberquerung-bodensee-lago-maggiore\/","name":"Alternative Alpen\u00fcberquerung: Vom Bodensee zum Lago Maggiore","isPartOf":{"@id":"https:\/\/kaipara.de\/magazin\/#website"},"datePublished":"2023-05-26T12:50:43+00:00","dateModified":"2024-09-30T09:37:46+00:00","description":"Alternative Alpen\u00fcberquerung statt Klassiker f\u00fcr eine Alpen\u00fcberquerung. Jochen Wilde stellt eine Variante abseits der Massen vor.","breadcrumb":{"@id":"https:\/\/kaipara.de\/magazin\/wanderungen\/alternative-alpenueberquerung-bodensee-lago-maggiore\/#breadcrumb"},"inLanguage":"de-DE","potentialAction":[{"@type":"ReadAction","target":["https:\/\/kaipara.de\/magazin\/wanderungen\/alternative-alpenueberquerung-bodensee-lago-maggiore\/"]}]},{"@type":"BreadcrumbList","@id":"https:\/\/kaipara.de\/magazin\/wanderungen\/alternative-alpenueberquerung-bodensee-lago-maggiore\/#breadcrumb","itemListElement":[{"@type":"ListItem","position":1,"name":"Startseite","item":"https:\/\/kaipara.de\/magazin\/"},{"@type":"ListItem","position":2,"name":"Alternative Alpen\u00fcberquerung abseits der Massen: Vom Bodensee zum Lago Maggiore"}]},{"@type":"WebSite","@id":"https:\/\/kaipara.de\/magazin\/#website","url":"https:\/\/kaipara.de\/magazin\/","name":"Kaipara Magazin","description":"Wissenswertes \u00fcber Merinowolle und Wanderungen in den Alpen ","publisher":{"@id":"https:\/\/kaipara.de\/magazin\/#organization"},"potentialAction":[{"@type":"SearchAction","target":{"@type":"EntryPoint","urlTemplate":"https:\/\/kaipara.de\/magazin\/?s={search_term_string}"},"query-input":"required name=search_term_string"}],"inLanguage":"de-DE"},{"@type":"Organization","@id":"https:\/\/kaipara.de\/magazin\/#organization","name":"Kaipara","url":"https:\/\/kaipara.de\/magazin\/","logo":{"@type":"ImageObject","inLanguage":"de-DE","@id":"https:\/\/kaipara.de\/magazin\/#\/schema\/logo\/image\/","url":"https:\/\/kaipara.de\/magazin\/wp-content\/uploads\/2022\/06\/logo_kaipara_subline.jpeg","contentUrl":"https:\/\/kaipara.de\/magazin\/wp-content\/uploads\/2022\/06\/logo_kaipara_subline.jpeg","width":298,"height":100,"caption":"Kaipara"},"image":{"@id":"https:\/\/kaipara.de\/magazin\/#\/schema\/logo\/image\/"},"sameAs":["https:\/\/www.instagram.com\/kaipara_merino\/","https:\/\/www.youtube.com\/channel\/UCZGZ8QTtiOmQTMo7RsNfzCg","https:\/\/www.facebook.com\/kaipara.merino.sportswear"]},{"@type":"Person","@id":"https:\/\/kaipara.de\/magazin\/#\/schema\/person\/c9ac7dfd5547cd9d079fb2b495ca3172","name":"gastautor","image":{"@type":"ImageObject","inLanguage":"de-DE","@id":"https:\/\/kaipara.de\/magazin\/#\/schema\/person\/image\/","url":"https:\/\/kaipara.de\/magazin\/wp-content\/uploads\/2023\/03\/cropped-kaipara_logo-150x150.png","contentUrl":"https:\/\/kaipara.de\/magazin\/wp-content\/uploads\/2023\/03\/cropped-kaipara_logo-150x150.png","caption":"gastautor"},"description":"Regelm\u00e4\u00dfig kommen in unserem Kaipara Magazin Gastautoren zu Wort, die \u00fcber ihre Abenteuer und ihre Erlebnisse berichten. Mehr \u00fcber unsere Botschafter und Partner erfahrt ihr direkt im Text.","url":"https:\/\/kaipara.de\/magazin\/author\/gastautor\/"}]}},"publishpress_future_action":{"enabled":false,"date":"1970-01-01 00:00:00","action":"","terms":[],"taxonomy":"","browser_timezone_offset":0},"_links":{"self":[{"href":"https:\/\/kaipara.de\/magazin\/wp-json\/wp\/v2\/posts\/9348"}],"collection":[{"href":"https:\/\/kaipara.de\/magazin\/wp-json\/wp\/v2\/posts"}],"about":[{"href":"https:\/\/kaipara.de\/magazin\/wp-json\/wp\/v2\/types\/post"}],"author":[{"embeddable":true,"href":"https:\/\/kaipara.de\/magazin\/wp-json\/wp\/v2\/users\/30"}],"replies":[{"embeddable":true,"href":"https:\/\/kaipara.de\/magazin\/wp-json\/wp\/v2\/comments?post=9348"}],"version-history":[{"count":5,"href":"https:\/\/kaipara.de\/magazin\/wp-json\/wp\/v2\/posts\/9348\/revisions"}],"predecessor-version":[{"id":9360,"href":"https:\/\/kaipara.de\/magazin\/wp-json\/wp\/v2\/posts\/9348\/revisions\/9360"}],"wp:featuredmedia":[{"embeddable":true,"href":"https:\/\/kaipara.de\/magazin\/wp-json\/wp\/v2\/media\/9351"}],"wp:attachment":[{"href":"https:\/\/kaipara.de\/magazin\/wp-json\/wp\/v2\/media?parent=9348"}],"wp:term":[{"taxonomy":"category","embeddable":true,"href":"https:\/\/kaipara.de\/magazin\/wp-json\/wp\/v2\/categories?post=9348"},{"taxonomy":"post_tag","embeddable":true,"href":"https:\/\/kaipara.de\/magazin\/wp-json\/wp\/v2\/tags?post=9348"}],"curies":[{"name":"wp","href":"https:\/\/api.w.org\/{rel}","templated":true}]}}