{"id":9794,"date":"2024-05-09T10:08:58","date_gmt":"2024-05-09T10:08:58","guid":{"rendered":"https:\/\/kaipara.de\/magazin\/?p=9794"},"modified":"2024-07-01T08:23:42","modified_gmt":"2024-07-01T08:23:42","slug":"fruehlingswanderungen","status":"publish","type":"post","link":"https:\/\/kaipara.de\/magazin\/wanderungen\/fruehlingswanderungen\/","title":{"rendered":"24 Fr\u00fchlingswanderungen zum Start ins Wanderjahr"},"content":{"rendered":"<p><em>Wir haben unsere Nutzer \u00fcber Social Media gefragt, was ihre liebsten Touren im Fr\u00fchjahr sind. Wir haben eine Auswahl zusammengetragen und erg\u00e4nzen sie mit Empfehlungen aus dem Kaipara-Team. Viel Spa\u00df beim Entdecken!<\/em><\/p>\n<p>Der Fr\u00fchling ist endlich da und mit ihm kommt die perfekte Zeit, um sich in der Natur zu bewegen und zu wandern. Nach den kalten Wintermonaten sehnen wir uns nach <strong>Sonnenschein, bl\u00fchenden Blumen und gr\u00fcnen Landschaften<\/strong>. Wandern im Fr\u00fchling bietet uns die M\u00f6glichkeit, die W\u00e4rme der Sonne auf unserer Haut zu sp\u00fcren und die erneuernde Energie zu genie\u00dfen, die diese Jahreszeit mit sich bringt. Die frische Luft, das Zwitschern der V\u00f6gel und das sanfte Rauschen der B\u00e4ume lassen uns den Alltag vergessen und in eine Welt voller Ruhe und Sch\u00f6nheit eintauchen.<\/p>\n<p>Ob erfahrener Wanderer oder Anf\u00e4nger, der Fr\u00fchling bietet f\u00fcr jeden etwas. Es gibt eine <strong>Vielzahl von Wanderwegen<\/strong> landauf- und landabw\u00e4rts, die zu erkunden sind und uns atemberaubende Ausblicke auf bl\u00fchende T\u00e4ler, sprudelnde B\u00e4che und majest\u00e4tische Berge bieten.<\/p>\n<p>Also schnapp dir deine Wanderschuhe, pack deinen Rucksack und begib dich auf eine unvergessliche Reise durch die Sch\u00f6nheit der erwachenden Natur im Fr\u00fchling.<\/p>\n<!-- Fehler, Anzeige ist derzeit aufgrund von Zeitplan-\/Geolocation-Einschr\u00e4nkungen nicht verf\u00fcgbar! -->\n<h2>Das sind die besten Wanderungen unserer Nutzer<\/h2>\n<p>\u00dcber die <a href=\"https:\/\/www.instagram.com\/kaipara_merino\/\" target=\"_blank\" rel=\"noopener\">Kaipara Social Media-Kan\u00e4le<\/a> haben wir dazu aufgerufen, uns eure <strong>liebsten Touren im Fr\u00fchjahr<\/strong> zuverraten. Hier sind die sch\u00f6nsten und zugleich liebsten Fr\u00fchjahrswanderungen unserer Nutzer:<\/p>\n<ul>\n<li>auf dem Rheinsteig bei Neuwied am Rhein<\/li>\n<li>durch die Almbachklamm bei Marktschellenberg<\/li>\n<li>auf dem Heinrich-Heine-Weg im Harz<\/li>\n<li>Riesenregenwurmpfad Belchen<\/li>\n<li>auf der Seiser Alm in S\u00fcdtirol<\/li>\n<li>durch die Drachenschlucht am Fu\u00df der Wartburg in Th\u00fcringen<\/li>\n<li>der Altschlosspfad im Pf\u00e4lzerwald<\/li>\n<li>der Pf\u00e4nder H\u00f6henweg von Scheidedd<\/li>\n<li>zum Arzmooswasserfall am Sudelfeld<\/li>\n<li>auf dem Jakobsweg von Ulm bis zum Bodensee<\/li>\n<li>der Nette-Schiefer-Traumpfad<\/li>\n<li>auf den Gr\u00fcnten im Allg\u00e4u<\/li>\n<li>zum <a href=\"https:\/\/bergparadiese.de\/schrecksee\">Schrecksee im Allg\u00e4u<\/a><\/li>\n<li>die Affensteinpromenade im Elbsandsteingebirge<\/li>\n<li>auf das Sonntagshorn in den Chiemgauer Alpen<\/li>\n<li>auf den Gro\u00dfen Arber im Bayerischen Wald<\/li>\n<li>nach St. Bartholom\u00e4 am K\u00f6nigssee<\/li>\n<li>rund um den Rursee in der Eifel<\/li>\n<li>zum Schweinsfels in der Pfalz<\/li>\n<li>der Oderteich im Harz<\/li>\n<li>am Lech entlang<\/li>\n<\/ul>\n\n\t\t<style type=\"text\/css\">\n\t\t\t#gallery-1 {\n\t\t\t\tmargin: auto;\n\t\t\t}\n\t\t\t#gallery-1 .gallery-item {\n\t\t\t\tfloat: left;\n\t\t\t\tmargin-top: 10px;\n\t\t\t\ttext-align: center;\n\t\t\t\twidth: 33%;\n\t\t\t}\n\t\t\t#gallery-1 img {\n\t\t\t\tborder: 2px solid #cfcfcf;\n\t\t\t}\n\t\t\t#gallery-1 .gallery-caption {\n\t\t\t\tmargin-left: 0;\n\t\t\t}\n\t\t\t\/* see gallery_shortcode() in wp-includes\/media.php *\/\n\t\t<\/style>\n\t\t<div id='gallery-1' class='gallery galleryid-9794 gallery-columns-3 gallery-size-thumbnail'><dl class='gallery-item'>\n\t\t\t<dt class='gallery-icon portrait'>\n\t\t\t\t<a href='https:\/\/kaipara.de\/magazin\/wp-content\/uploads\/2024\/05\/Brocken-2-von-13-scaled.jpg' title=\"Auf dem Heinrich-Heine-Weg im Harz \u00a9 Gipfelfieber\" data-rl_title=\"Auf dem Heinrich-Heine-Weg im Harz \u00a9 Gipfelfieber\" class=\"rl-gallery-link\" data-rl_caption=\"\" data-rel=\"lightbox-gallery-1\"><img width=\"150\" height=\"150\" src=\"https:\/\/kaipara.de\/magazin\/wp-content\/uploads\/2024\/05\/Brocken-2-von-13-150x150.jpg\" class=\"attachment-thumbnail size-thumbnail\" alt=\"Auf dem Heinrich-Heine-Weg im Harz \u00a9 Gipfelfieber\" loading=\"lazy\" aria-describedby=\"gallery-1-9795\" \/><\/a>\n\t\t\t<\/dt>\n\t\t\t\t<dd class='wp-caption-text gallery-caption' id='gallery-1-9795'>\n\t\t\t\tAuf dem Heinrich-Heine-Weg im Harz \u00a9 Gipfelfieber\n\t\t\t\t<\/dd><\/dl><dl class='gallery-item'>\n\t\t\t<dt class='gallery-icon landscape'>\n\t\t\t\t<a href='https:\/\/kaipara.de\/magazin\/wp-content\/uploads\/2024\/05\/IMG_6100.jpeg' title=\"Wartburg in Th\u00fcringen \u00a9 Gipfelfieber\" data-rl_title=\"Wartburg in Th\u00fcringen \u00a9 Gipfelfieber\" class=\"rl-gallery-link\" data-rl_caption=\"\" data-rel=\"lightbox-gallery-1\"><img width=\"150\" height=\"150\" src=\"https:\/\/kaipara.de\/magazin\/wp-content\/uploads\/2024\/05\/IMG_6100-150x150.jpeg\" class=\"attachment-thumbnail size-thumbnail\" alt=\"Wartburg in Th\u00fcringen \u00a9 Gipfelfieber\" loading=\"lazy\" aria-describedby=\"gallery-1-9797\" \/><\/a>\n\t\t\t<\/dt>\n\t\t\t\t<dd class='wp-caption-text gallery-caption' id='gallery-1-9797'>\n\t\t\t\tWartburg in Th\u00fcringen \u00a9 Gipfelfieber\n\t\t\t\t<\/dd><\/dl><dl class='gallery-item'>\n\t\t\t<dt class='gallery-icon landscape'>\n\t\t\t\t<a href='https:\/\/kaipara.de\/magazin\/wp-content\/uploads\/2024\/05\/IMG_1149.jpeg' title=\"St. Bartholom\u00e4 am K\u00f6nigssee \u00a9 Gipfelfieber\" data-rl_title=\"St. Bartholom\u00e4 am K\u00f6nigssee \u00a9 Gipfelfieber\" class=\"rl-gallery-link\" data-rl_caption=\"\" data-rel=\"lightbox-gallery-1\"><img width=\"150\" height=\"150\" src=\"https:\/\/kaipara.de\/magazin\/wp-content\/uploads\/2024\/05\/IMG_1149-150x150.jpeg\" class=\"attachment-thumbnail size-thumbnail\" alt=\"St. Bartholom\u00e4 am K\u00f6nigssee \u00a9 Gipfelfieber\" loading=\"lazy\" aria-describedby=\"gallery-1-9796\" \/><\/a>\n\t\t\t<\/dt>\n\t\t\t\t<dd class='wp-caption-text gallery-caption' id='gallery-1-9796'>\n\t\t\t\tSt. Bartholom\u00e4 am K\u00f6nigssee \u00a9 Gipfelfieber\n\t\t\t\t<\/dd><\/dl><br style=\"clear: both\" \/>\n\t\t<\/div>\n\n<h2>Touren-Empfehlungen vom Kaipara-Team<\/h2>\n<ul>\n<li>Kaipara-Gr\u00fcnder <strong>Frank Selter<\/strong> empfiehlt die Tour auf den Schinder in den Bayerischen Voralpen<\/li>\n<li>Daniel dagegen liebt die Tour \u00fcber die Kapelle am Riederstein auf die Baumgartenschneid<\/li>\n<li>Andi ist am liebsten zum Sonnenaufgang schon auf seinem Hausberg, dem <a href=\"https:\/\/gipfelfieber.com\/spitzstein-nordseite\/\">Spitzstein<\/a><\/li>\n<\/ul>\n\n\t\t<style type=\"text\/css\">\n\t\t\t#gallery-2 {\n\t\t\t\tmargin: auto;\n\t\t\t}\n\t\t\t#gallery-2 .gallery-item {\n\t\t\t\tfloat: left;\n\t\t\t\tmargin-top: 10px;\n\t\t\t\ttext-align: center;\n\t\t\t\twidth: 33%;\n\t\t\t}\n\t\t\t#gallery-2 img {\n\t\t\t\tborder: 2px solid #cfcfcf;\n\t\t\t}\n\t\t\t#gallery-2 .gallery-caption {\n\t\t\t\tmargin-left: 0;\n\t\t\t}\n\t\t\t\/* see gallery_shortcode() in wp-includes\/media.php *\/\n\t\t<\/style>\n\t\t<div id='gallery-2' class='gallery galleryid-9794 gallery-columns-3 gallery-size-thumbnail'><dl class='gallery-item'>\n\t\t\t<dt class='gallery-icon landscape'>\n\t\t\t\t<a href='https:\/\/kaipara.de\/magazin\/wp-content\/uploads\/2024\/05\/schinder.jpg' title=\"Auf dem Weg zum Schinder \u00a9 Gipfelfieber\" data-rl_title=\"Auf dem Weg zum Schinder \u00a9 Gipfelfieber\" class=\"rl-gallery-link\" data-rl_caption=\"\" data-rel=\"lightbox-gallery-2\"><img width=\"150\" height=\"150\" src=\"https:\/\/kaipara.de\/magazin\/wp-content\/uploads\/2024\/05\/schinder-150x150.jpg\" class=\"attachment-thumbnail size-thumbnail\" alt=\"Auf dem Weg zum Schinder \u00a9 Gipfelfieber\" loading=\"lazy\" aria-describedby=\"gallery-2-9798\" \/><\/a>\n\t\t\t<\/dt>\n\t\t\t\t<dd class='wp-caption-text gallery-caption' id='gallery-2-9798'>\n\t\t\t\tAuf dem Weg zum Schinder \u00a9 Gipfelfieber\n\t\t\t\t<\/dd><\/dl><dl class='gallery-item'>\n\t\t\t<dt class='gallery-icon landscape'>\n\t\t\t\t<a href='https:\/\/kaipara.de\/magazin\/wp-content\/uploads\/2024\/05\/Riederstein-9-von-9.jpeg' title=\"Kapelle auf dem Riederstein \u00a9 Gipfelfieber\" data-rl_title=\"Kapelle auf dem Riederstein \u00a9 Gipfelfieber\" class=\"rl-gallery-link\" data-rl_caption=\"\" data-rel=\"lightbox-gallery-2\"><img width=\"150\" height=\"150\" src=\"https:\/\/kaipara.de\/magazin\/wp-content\/uploads\/2024\/05\/Riederstein-9-von-9-150x150.jpeg\" class=\"attachment-thumbnail size-thumbnail\" alt=\"Kapelle auf dem Riederstein \u00a9 Gipfelfieber\" loading=\"lazy\" aria-describedby=\"gallery-2-9799\" \/><\/a>\n\t\t\t<\/dt>\n\t\t\t\t<dd class='wp-caption-text gallery-caption' id='gallery-2-9799'>\n\t\t\t\tKapelle auf dem Riederstein \u00a9 Gipfelfieber\n\t\t\t\t<\/dd><\/dl><dl class='gallery-item'>\n\t\t\t<dt class='gallery-icon landscape'>\n\t\t\t\t<a href='https:\/\/kaipara.de\/magazin\/wp-content\/uploads\/2024\/05\/Spitzstein-Sonnenaufgang-postkarte.jpg' title=\"Auf dem Spitzstein \u00a9 Gipfelfieber\" data-rl_title=\"Auf dem Spitzstein \u00a9 Gipfelfieber\" class=\"rl-gallery-link\" data-rl_caption=\"\" data-rel=\"lightbox-gallery-2\"><img width=\"150\" height=\"150\" src=\"https:\/\/kaipara.de\/magazin\/wp-content\/uploads\/2024\/05\/Spitzstein-Sonnenaufgang-postkarte-150x150.jpg\" class=\"attachment-thumbnail size-thumbnail\" alt=\"Auf dem Spitzstein \u00a9 Gipfelfieber\" loading=\"lazy\" aria-describedby=\"gallery-2-9800\" \/><\/a>\n\t\t\t<\/dt>\n\t\t\t\t<dd class='wp-caption-text gallery-caption' id='gallery-2-9800'>\n\t\t\t\tAuf dem Spitzstein \u00a9 Gipfelfieber\n\t\t\t\t<\/dd><\/dl><br style=\"clear: both\" \/>\n\t\t<\/div>\n\n<h2>Praktische Tipps zum Wandern im Fr\u00fchling<\/h2>\n<p>Zu Beginn der Wandersaison gibt es einige Herausforderungen zu beachten. Der <strong>Schnee<\/strong>, der noch in den h\u00f6heren Gefilden liegen kann, stellt eine potenzielle Gefahr dar, sowohl f\u00fcr die Orientierung als auch f\u00fcr die Stabilit\u00e4t der Wege. Es ist wichtig, sich \u00fcber die Schneelage zu informieren und geeignete Routen zu w\u00e4hlen. Das <strong>wechselhafte Fr\u00fchlingswetter<\/strong> erfordert ebenfalls Vorsicht, da pl\u00f6tzliche Temperaturst\u00fcrze oder Regenschauer auftreten k\u00f6nnen. Eine <strong>angemessene Ausr\u00fcstung<\/strong>, einschlie\u00dflich warmer Kleidung und Notfallausr\u00fcstung, ist unerl\u00e4sslich.<\/p>\n<p>Zus\u00e4tzlich ist das <strong>Zwiebelprinzip<\/strong>, das <strong>aus mehreren Bekleidungsschichten<\/strong> besteht und es erm\u00f6glicht, sich an die wechselnden Bedingungen anzupassen, eine effektive Methode. Wie das Zwiebelprinzip funktioniert, erkl\u00e4ren wir <a href=\"https:\/\/kaipara.de\/merinowolle-guide\/produktberater\/layering-oder-das-zwiebelprinzip\/\">hier<\/a>.<\/p>\n<p>Mit diesen Tipps steht einem gelungenen Start in die Fr\u00fchjahrswanderungen nichts im Wege.<\/p>\n<h2>Fazit<\/h2>\n<p>Viel Spa\u00df beim Entdecken der Lieblingstouren unserer Nutzer und der des Kaipara-Teams. Auf einen sch\u00f6nen Wanderstart.<\/p>\n","protected":false},"excerpt":{"rendered":"<p>Das sind die liebsten Fr\u00fchlingswanderungen unserer Nutzer und die des Kaipara-Teams. Dazu gibt`s praktische Tipps f\u00fcr Fr\u00fchlingswanderungen.<\/p>\n","protected":false},"author":29,"featured_media":9796,"comment_status":"closed","ping_status":"closed","sticky":false,"template":"","format":"standard","meta":[],"categories":[4],"tags":[],"yoast_head":"<!-- This site is optimized with the Yoast SEO plugin v19.11 - https:\/\/yoast.com\/wordpress\/plugins\/seo\/ -->\n<title>24 Fr\u00fchlingswanderungen | Kaipara Magazin<\/title>\n<meta name=\"description\" content=\"Das sind die liebsten Fr\u00fchlingswanderungen unserer Nutzer und die des Kaipara-Teams. Dazu gibt`s praktische Tipps f\u00fcr Fr\u00fchlingswanderungen.\" \/>\n<meta name=\"robots\" content=\"index, follow, max-snippet:-1, max-image-preview:large, max-video-preview:-1\" \/>\n<link rel=\"canonical\" href=\"https:\/\/kaipara.de\/magazin\/wanderungen\/fruehlingswanderungen\/\" \/>\n<meta property=\"og:locale\" content=\"de_DE\" \/>\n<meta property=\"og:type\" content=\"article\" \/>\n<meta property=\"og:title\" content=\"24 Fr\u00fchlingswanderungen | Kaipara Magazin\" \/>\n<meta property=\"og:description\" content=\"Das sind die liebsten Fr\u00fchlingswanderungen unserer Nutzer und die des Kaipara-Teams. Dazu gibt`s praktische Tipps f\u00fcr Fr\u00fchlingswanderungen.\" \/>\n<meta property=\"og:url\" content=\"https:\/\/kaipara.de\/magazin\/wanderungen\/fruehlingswanderungen\/\" \/>\n<meta property=\"og:site_name\" content=\"Kaipara Magazin\" \/>\n<meta property=\"article:publisher\" content=\"https:\/\/www.facebook.com\/kaipara.merino.sportswear\" \/>\n<meta property=\"article:published_time\" content=\"2024-05-09T10:08:58+00:00\" \/>\n<meta property=\"article:modified_time\" content=\"2024-07-01T08:23:42+00:00\" \/>\n<meta property=\"og:image\" content=\"https:\/\/kaipara.de\/magazin\/wp-content\/uploads\/2024\/05\/IMG_1149.jpeg\" \/>\n\t<meta property=\"og:image:width\" content=\"2048\" \/>\n\t<meta property=\"og:image:height\" content=\"1365\" \/>\n\t<meta property=\"og:image:type\" content=\"image\/jpeg\" \/>\n<meta name=\"author\" content=\"Andreas Gruhle\" \/>\n<meta name=\"twitter:card\" content=\"summary_large_image\" \/>\n<meta name=\"twitter:label1\" content=\"Verfasst von\" \/>\n\t<meta name=\"twitter:data1\" content=\"\" \/>\n\t<meta name=\"twitter:label2\" content=\"Gesch\u00e4tzte Lesezeit\" \/>\n\t<meta name=\"twitter:data2\" content=\"3 Minuten\" \/>\n<script type=\"application\/ld+json\" class=\"yoast-schema-graph\">{\"@context\":\"https:\/\/schema.org\",\"@graph\":[{\"@type\":\"Article\",\"@id\":\"https:\/\/kaipara.de\/magazin\/wanderungen\/fruehlingswanderungen\/#article\",\"isPartOf\":{\"@id\":\"https:\/\/kaipara.de\/magazin\/wanderungen\/fruehlingswanderungen\/\"},\"author\":{\"name\":\"Andreas Gruhle\",\"@id\":\"https:\/\/kaipara.de\/magazin\/#\/schema\/person\/6c9f8b96249c02dc3603a5b3e8c2f6d0\"},\"headline\":\"24 Fr\u00fchlingswanderungen zum Start ins Wanderjahr\",\"datePublished\":\"2024-05-09T10:08:58+00:00\",\"dateModified\":\"2024-07-01T08:23:42+00:00\",\"mainEntityOfPage\":{\"@id\":\"https:\/\/kaipara.de\/magazin\/wanderungen\/fruehlingswanderungen\/\"},\"wordCount\":575,\"publisher\":{\"@id\":\"https:\/\/kaipara.de\/magazin\/#organization\"},\"articleSection\":[\"Wanderungen\"],\"inLanguage\":\"de-DE\"},{\"@type\":\"WebPage\",\"@id\":\"https:\/\/kaipara.de\/magazin\/wanderungen\/fruehlingswanderungen\/\",\"url\":\"https:\/\/kaipara.de\/magazin\/wanderungen\/fruehlingswanderungen\/\",\"name\":\"24 Fr\u00fchlingswanderungen | Kaipara Magazin\",\"isPartOf\":{\"@id\":\"https:\/\/kaipara.de\/magazin\/#website\"},\"datePublished\":\"2024-05-09T10:08:58+00:00\",\"dateModified\":\"2024-07-01T08:23:42+00:00\",\"description\":\"Das sind die liebsten Fr\u00fchlingswanderungen unserer Nutzer und die des Kaipara-Teams. Dazu gibt`s praktische Tipps f\u00fcr Fr\u00fchlingswanderungen.\",\"breadcrumb\":{\"@id\":\"https:\/\/kaipara.de\/magazin\/wanderungen\/fruehlingswanderungen\/#breadcrumb\"},\"inLanguage\":\"de-DE\",\"potentialAction\":[{\"@type\":\"ReadAction\",\"target\":[\"https:\/\/kaipara.de\/magazin\/wanderungen\/fruehlingswanderungen\/\"]}]},{\"@type\":\"BreadcrumbList\",\"@id\":\"https:\/\/kaipara.de\/magazin\/wanderungen\/fruehlingswanderungen\/#breadcrumb\",\"itemListElement\":[{\"@type\":\"ListItem\",\"position\":1,\"name\":\"Startseite\",\"item\":\"https:\/\/kaipara.de\/magazin\/\"},{\"@type\":\"ListItem\",\"position\":2,\"name\":\"24 Fr\u00fchlingswanderungen zum Start ins Wanderjahr\"}]},{\"@type\":\"WebSite\",\"@id\":\"https:\/\/kaipara.de\/magazin\/#website\",\"url\":\"https:\/\/kaipara.de\/magazin\/\",\"name\":\"Kaipara Magazin\",\"description\":\"Wissenswertes \u00fcber Merinowolle und Wanderungen in den Alpen \",\"publisher\":{\"@id\":\"https:\/\/kaipara.de\/magazin\/#organization\"},\"potentialAction\":[{\"@type\":\"SearchAction\",\"target\":{\"@type\":\"EntryPoint\",\"urlTemplate\":\"https:\/\/kaipara.de\/magazin\/?s={search_term_string}\"},\"query-input\":\"required name=search_term_string\"}],\"inLanguage\":\"de-DE\"},{\"@type\":\"Organization\",\"@id\":\"https:\/\/kaipara.de\/magazin\/#organization\",\"name\":\"Kaipara\",\"url\":\"https:\/\/kaipara.de\/magazin\/\",\"logo\":{\"@type\":\"ImageObject\",\"inLanguage\":\"de-DE\",\"@id\":\"https:\/\/kaipara.de\/magazin\/#\/schema\/logo\/image\/\",\"url\":\"https:\/\/kaipara.de\/magazin\/wp-content\/uploads\/2022\/06\/logo_kaipara_subline.jpeg\",\"contentUrl\":\"https:\/\/kaipara.de\/magazin\/wp-content\/uploads\/2022\/06\/logo_kaipara_subline.jpeg\",\"width\":298,\"height\":100,\"caption\":\"Kaipara\"},\"image\":{\"@id\":\"https:\/\/kaipara.de\/magazin\/#\/schema\/logo\/image\/\"},\"sameAs\":[\"https:\/\/www.instagram.com\/kaipara_merino\/\",\"https:\/\/www.youtube.com\/channel\/UCZGZ8QTtiOmQTMo7RsNfzCg\",\"https:\/\/www.facebook.com\/kaipara.merino.sportswear\"]},{\"@type\":\"Person\",\"@id\":\"https:\/\/kaipara.de\/magazin\/#\/schema\/person\/6c9f8b96249c02dc3603a5b3e8c2f6d0\",\"name\":\"Andreas Gruhle\",\"image\":{\"@type\":\"ImageObject\",\"inLanguage\":\"de-DE\",\"@id\":\"https:\/\/kaipara.de\/magazin\/#\/schema\/person\/image\/\",\"url\":\"https:\/\/secure.gravatar.com\/avatar\/7195aeb452487755826a6deeae40aceb?s=96&d=wp_user_avatar&r=g\",\"contentUrl\":\"https:\/\/secure.gravatar.com\/avatar\/7195aeb452487755826a6deeae40aceb?s=96&d=wp_user_avatar&r=g\",\"caption\":\"Andreas Gruhle\"},\"description\":\"Andreas Gruhle ist leidenschaftlicher Wanderer und Bergsteiger und am liebsten dann auf dem Gipfel, wenn alles noch schl\u00e4ft oder schon l\u00e4ngst wieder Zuhause ist. Andreas ist Autor zweier Wanderf\u00fchrer und Gr\u00fcnder von Gipfelfieber.com. Und hat Merinowolle nicht nur sch\u00e4tzen, sondern lieben gelernt.\",\"url\":\"https:\/\/kaipara.de\/magazin\/author\/agruhle\/\"}]}<\/script>\n<!-- \/ Yoast SEO plugin. -->","yoast_head_json":{"title":"24 Fr\u00fchlingswanderungen | Kaipara Magazin","description":"Das sind die liebsten Fr\u00fchlingswanderungen unserer Nutzer und die des Kaipara-Teams. Dazu gibt`s praktische Tipps f\u00fcr Fr\u00fchlingswanderungen.","robots":{"index":"index","follow":"follow","max-snippet":"max-snippet:-1","max-image-preview":"max-image-preview:large","max-video-preview":"max-video-preview:-1"},"canonical":"https:\/\/kaipara.de\/magazin\/wanderungen\/fruehlingswanderungen\/","og_locale":"de_DE","og_type":"article","og_title":"24 Fr\u00fchlingswanderungen | Kaipara Magazin","og_description":"Das sind die liebsten Fr\u00fchlingswanderungen unserer Nutzer und die des Kaipara-Teams. Dazu gibt`s praktische Tipps f\u00fcr Fr\u00fchlingswanderungen.","og_url":"https:\/\/kaipara.de\/magazin\/wanderungen\/fruehlingswanderungen\/","og_site_name":"Kaipara Magazin","article_publisher":"https:\/\/www.facebook.com\/kaipara.merino.sportswear","article_published_time":"2024-05-09T10:08:58+00:00","article_modified_time":"2024-07-01T08:23:42+00:00","og_image":[{"width":2048,"height":1365,"url":"https:\/\/kaipara.de\/magazin\/wp-content\/uploads\/2024\/05\/IMG_1149.jpeg","type":"image\/jpeg"}],"author":"Andreas Gruhle","twitter_card":"summary_large_image","twitter_misc":{"Verfasst von":false,"Gesch\u00e4tzte Lesezeit":"3 Minuten"},"schema":{"@context":"https:\/\/schema.org","@graph":[{"@type":"Article","@id":"https:\/\/kaipara.de\/magazin\/wanderungen\/fruehlingswanderungen\/#article","isPartOf":{"@id":"https:\/\/kaipara.de\/magazin\/wanderungen\/fruehlingswanderungen\/"},"author":{"name":"Andreas Gruhle","@id":"https:\/\/kaipara.de\/magazin\/#\/schema\/person\/6c9f8b96249c02dc3603a5b3e8c2f6d0"},"headline":"24 Fr\u00fchlingswanderungen zum Start ins Wanderjahr","datePublished":"2024-05-09T10:08:58+00:00","dateModified":"2024-07-01T08:23:42+00:00","mainEntityOfPage":{"@id":"https:\/\/kaipara.de\/magazin\/wanderungen\/fruehlingswanderungen\/"},"wordCount":575,"publisher":{"@id":"https:\/\/kaipara.de\/magazin\/#organization"},"articleSection":["Wanderungen"],"inLanguage":"de-DE"},{"@type":"WebPage","@id":"https:\/\/kaipara.de\/magazin\/wanderungen\/fruehlingswanderungen\/","url":"https:\/\/kaipara.de\/magazin\/wanderungen\/fruehlingswanderungen\/","name":"24 Fr\u00fchlingswanderungen | Kaipara Magazin","isPartOf":{"@id":"https:\/\/kaipara.de\/magazin\/#website"},"datePublished":"2024-05-09T10:08:58+00:00","dateModified":"2024-07-01T08:23:42+00:00","description":"Das sind die liebsten Fr\u00fchlingswanderungen unserer Nutzer und die des Kaipara-Teams. Dazu gibt`s praktische Tipps f\u00fcr Fr\u00fchlingswanderungen.","breadcrumb":{"@id":"https:\/\/kaipara.de\/magazin\/wanderungen\/fruehlingswanderungen\/#breadcrumb"},"inLanguage":"de-DE","potentialAction":[{"@type":"ReadAction","target":["https:\/\/kaipara.de\/magazin\/wanderungen\/fruehlingswanderungen\/"]}]},{"@type":"BreadcrumbList","@id":"https:\/\/kaipara.de\/magazin\/wanderungen\/fruehlingswanderungen\/#breadcrumb","itemListElement":[{"@type":"ListItem","position":1,"name":"Startseite","item":"https:\/\/kaipara.de\/magazin\/"},{"@type":"ListItem","position":2,"name":"24 Fr\u00fchlingswanderungen zum Start ins Wanderjahr"}]},{"@type":"WebSite","@id":"https:\/\/kaipara.de\/magazin\/#website","url":"https:\/\/kaipara.de\/magazin\/","name":"Kaipara Magazin","description":"Wissenswertes \u00fcber Merinowolle und Wanderungen in den Alpen ","publisher":{"@id":"https:\/\/kaipara.de\/magazin\/#organization"},"potentialAction":[{"@type":"SearchAction","target":{"@type":"EntryPoint","urlTemplate":"https:\/\/kaipara.de\/magazin\/?s={search_term_string}"},"query-input":"required name=search_term_string"}],"inLanguage":"de-DE"},{"@type":"Organization","@id":"https:\/\/kaipara.de\/magazin\/#organization","name":"Kaipara","url":"https:\/\/kaipara.de\/magazin\/","logo":{"@type":"ImageObject","inLanguage":"de-DE","@id":"https:\/\/kaipara.de\/magazin\/#\/schema\/logo\/image\/","url":"https:\/\/kaipara.de\/magazin\/wp-content\/uploads\/2022\/06\/logo_kaipara_subline.jpeg","contentUrl":"https:\/\/kaipara.de\/magazin\/wp-content\/uploads\/2022\/06\/logo_kaipara_subline.jpeg","width":298,"height":100,"caption":"Kaipara"},"image":{"@id":"https:\/\/kaipara.de\/magazin\/#\/schema\/logo\/image\/"},"sameAs":["https:\/\/www.instagram.com\/kaipara_merino\/","https:\/\/www.youtube.com\/channel\/UCZGZ8QTtiOmQTMo7RsNfzCg","https:\/\/www.facebook.com\/kaipara.merino.sportswear"]},{"@type":"Person","@id":"https:\/\/kaipara.de\/magazin\/#\/schema\/person\/6c9f8b96249c02dc3603a5b3e8c2f6d0","name":"Andreas Gruhle","image":{"@type":"ImageObject","inLanguage":"de-DE","@id":"https:\/\/kaipara.de\/magazin\/#\/schema\/person\/image\/","url":"https:\/\/secure.gravatar.com\/avatar\/7195aeb452487755826a6deeae40aceb?s=96&d=wp_user_avatar&r=g","contentUrl":"https:\/\/secure.gravatar.com\/avatar\/7195aeb452487755826a6deeae40aceb?s=96&d=wp_user_avatar&r=g","caption":"Andreas Gruhle"},"description":"Andreas Gruhle ist leidenschaftlicher Wanderer und Bergsteiger und am liebsten dann auf dem Gipfel, wenn alles noch schl\u00e4ft oder schon l\u00e4ngst wieder Zuhause ist. Andreas ist Autor zweier Wanderf\u00fchrer und Gr\u00fcnder von Gipfelfieber.com. Und hat Merinowolle nicht nur sch\u00e4tzen, sondern lieben gelernt.","url":"https:\/\/kaipara.de\/magazin\/author\/agruhle\/"}]}},"publishpress_future_action":{"enabled":false,"date":"1970-01-01 00:00:00","action":"","terms":[],"taxonomy":"","browser_timezone_offset":0},"_links":{"self":[{"href":"https:\/\/kaipara.de\/magazin\/wp-json\/wp\/v2\/posts\/9794"}],"collection":[{"href":"https:\/\/kaipara.de\/magazin\/wp-json\/wp\/v2\/posts"}],"about":[{"href":"https:\/\/kaipara.de\/magazin\/wp-json\/wp\/v2\/types\/post"}],"author":[{"embeddable":true,"href":"https:\/\/kaipara.de\/magazin\/wp-json\/wp\/v2\/users\/29"}],"replies":[{"embeddable":true,"href":"https:\/\/kaipara.de\/magazin\/wp-json\/wp\/v2\/comments?post=9794"}],"version-history":[{"count":5,"href":"https:\/\/kaipara.de\/magazin\/wp-json\/wp\/v2\/posts\/9794\/revisions"}],"predecessor-version":[{"id":9838,"href":"https:\/\/kaipara.de\/magazin\/wp-json\/wp\/v2\/posts\/9794\/revisions\/9838"}],"wp:featuredmedia":[{"embeddable":true,"href":"https:\/\/kaipara.de\/magazin\/wp-json\/wp\/v2\/media\/9796"}],"wp:attachment":[{"href":"https:\/\/kaipara.de\/magazin\/wp-json\/wp\/v2\/media?parent=9794"}],"wp:term":[{"taxonomy":"category","embeddable":true,"href":"https:\/\/kaipara.de\/magazin\/wp-json\/wp\/v2\/categories?post=9794"},{"taxonomy":"post_tag","embeddable":true,"href":"https:\/\/kaipara.de\/magazin\/wp-json\/wp\/v2\/tags?post=9794"}],"curies":[{"name":"wp","href":"https:\/\/api.w.org\/{rel}","templated":true}]}}